{"id":6769,"global_id":"www.fanjyda.es?id=6769","global_id_lineage":["www.fanjyda.es?id=6769"],"author":"1","status":"publish","date":"2024-09-23 15:42:35","date_utc":"2024-09-23 13:42:35","modified":"2024-09-23 15:43:46","modified_utc":"2024-09-23 13:43:46","url":"https:\/\/www.fanjyda.es\/?tribe_events=concentracion-autonomica-infantil-y-cadete-sector-oriental","rest_url":"https:\/\/www.fanjyda.es\/index.php?rest_route=\/tribe\/events\/v1\/events\/6769","title":"CONCENTRACI\u00d3N AUTON\u00d3MICA INFANTIL Y CADETE &#8211; SECTOR ORIENTAL","description":"<p><!-- Contenedor principal --><\/p>\n<div style=\"width: 90%; max-width: 1200px; margin: 0 auto; padding: 20px; background-color: #fff; box-shadow: 0 2px 10px rgba(0, 0, 0, 0.1);\">\n<header style=\"text-align: center; margin-bottom: 40px;\">\n<h1 style=\"font-family: 'Playfair Display', serif; font-size: 2.5em; color: #2c3e50; margin: 0;\">CONCENTRACI\u00d3N AUTON\u00d3MICA INFANTIL Y CADETE<\/h1>\n<h2 style=\"font-family: 'Playfair Display', serif; font-size: 1.8em; color: #27ae60; margin-top: 10px;\">SECTOR ORIENTAL<\/h2>\n<\/header>\n<section style=\"margin-bottom: 40px;\">\n<p style=\"margin-bottom: 10px;\"><strong>FECHA:<\/strong> S\u00e1bado d\u00eda 02 de Noviembre de 2024.<\/p>\n<p style=\"margin-bottom: 10px;\"><strong>LUGAR:<\/strong> Polideportivo Municipal de Mollina, Alcalde Gerardo Fern\u00e1ndez Delgado, MA-5407, 29, 29532 Mollina, (M\u00e1laga)<\/p>\n<p style=\"margin-bottom: 10px;\"><strong>CATEGOR\u00cdAS:<\/strong> Infantil y Cadete.<\/p>\n<p style=\"margin-bottom: 10px;\"><strong>HORARIO:<\/strong> 17:00 \u2013 19:00<\/p>\n<p style=\"margin-bottom: 10px;\"><strong>CINTUR\u00d3N M\u00cdNIMO:<\/strong> Naranja &#8211; Azul<\/p>\n<p style=\"margin-bottom: 10px;\"><strong>CONFIRMACI\u00d3N:<\/strong> Con <a style=\"color: #27ae60; text-decoration: none;\" href=\"https:\/\/forms.gle\/kCL1Gko8GUq5x3NZ7\" target=\"_blank\" rel=\"noopener\">&gt;&gt; Formulario WEB &lt;&lt;<\/a> hasta el mi\u00e9rcoles d\u00eda 30 de Octubre.<\/p>\n<\/section>\n<\/div>","excerpt":"","slug":"concentracion-autonomica-infantil-y-cadete-sector-oriental","image":{"url":"https:\/\/www.fanjyda.es\/wp-content\/uploads\/2021\/05\/judopiez.jpg","id":2566,"extension":"jpg","width":1200,"height":834,"sizes":{"medium":{"width":300,"height":209,"mime-type":"image\/jpeg","url":"https:\/\/www.fanjyda.es\/wp-content\/uploads\/2021\/05\/judopiez-300x209.jpg"},"large":{"width":1024,"height":712,"mime-type":"image\/jpeg","url":"https:\/\/www.fanjyda.es\/wp-content\/uploads\/2021\/05\/judopiez-1024x712.jpg"},"thumbnail":{"width":150,"height":150,"mime-type":"image\/jpeg","url":"https:\/\/www.fanjyda.es\/wp-content\/uploads\/2021\/05\/judopiez-150x150.jpg"},"medium_large":{"width":768,"height":534,"mime-type":"image\/jpeg","url":"https:\/\/www.fanjyda.es\/wp-content\/uploads\/2021\/05\/judopiez-768x534.jpg"},"et-pb-post-main-image":{"width":400,"height":250,"mime-type":"image\/jpeg","url":"https:\/\/www.fanjyda.es\/wp-content\/uploads\/2021\/05\/judopiez-400x250.jpg"},"et-pb-post-main-image-fullwidth":{"width":1080,"height":675,"mime-type":"image\/jpeg","url":"https:\/\/www.fanjyda.es\/wp-content\/uploads\/2021\/05\/judopiez-1080x675.jpg"},"et-pb-portfolio-image":{"width":400,"height":284,"mime-type":"image\/jpeg","url":"https:\/\/www.fanjyda.es\/wp-content\/uploads\/2021\/05\/judopiez-400x284.jpg"},"et-pb-portfolio-module-image":{"width":510,"height":382,"mime-type":"image\/jpeg","url":"https:\/\/www.fanjyda.es\/wp-content\/uploads\/2021\/05\/judopiez-510x382.jpg"},"et-pb-portfolio-image-single":{"width":1080,"height":751,"mime-type":"image\/jpeg","url":"https:\/\/www.fanjyda.es\/wp-content\/uploads\/2021\/05\/judopiez-1080x751.jpg"},"et-pb-gallery-module-image-portrait":{"width":400,"height":516,"mime-type":"image\/jpeg","url":"https:\/\/www.fanjyda.es\/wp-content\/uploads\/2021\/05\/judopiez-400x516.jpg"},"et-pb-image--responsive--tablet":{"width":980,"height":681,"mime-type":"image\/jpeg","url":"https:\/\/www.fanjyda.es\/wp-content\/uploads\/2021\/05\/judopiez-980x681.jpg"},"et-pb-image--responsive--phone":{"width":480,"height":334,"mime-type":"image\/jpeg","url":"https:\/\/www.fanjyda.es\/wp-content\/uploads\/2021\/05\/judopiez-480x334.jpg"}}},"all_day":false,"start_date":"2024-11-02 17:00:00","start_date_details":{"year":"2024","month":"11","day":"02","hour":"17","minutes":"00","seconds":"00"},"end_date":"2024-11-02 19:00:00","end_date_details":{"year":"2024","month":"11","day":"02","hour":"19","minutes":"00","seconds":"00"},"utc_start_date":"2024-11-02 16:00:00","utc_start_date_details":{"year":"2024","month":"11","day":"02","hour":"16","minutes":"00","seconds":"00"},"utc_end_date":"2024-11-02 18:00:00","utc_end_date_details":{"year":"2024","month":"11","day":"02","hour":"18","minutes":"00","seconds":"00"},"timezone":"Europe\/Madrid","timezone_abbr":"CET","cost":"","cost_details":{"currency_symbol":"","currency_code":"","currency_position":"prefix","values":[]},"website":"","show_map":true,"show_map_link":true,"hide_from_listings":false,"sticky":false,"featured":false,"categories":[{"name":"Judo","slug":"judo","term_group":0,"term_taxonomy_id":12,"taxonomy":"tribe_events_cat","description":"","parent":0,"count":291,"filter":"raw","id":12,"urls":{"self":"https:\/\/www.fanjyda.es\/index.php?rest_route=\/tribe\/events\/v1\/categories\/12","collection":"https:\/\/www.fanjyda.es\/index.php?rest_route=\/tribe\/events\/v1\/categories"}}],"tags":[],"venue":{"id":4964,"author":"1","status":"publish","date":"2023-02-14 12:28:51","date_utc":"2023-02-14 11:28:51","modified":"2023-02-14 12:28:51","modified_utc":"2023-02-14 11:28:51","url":"https:\/\/www.fanjyda.es\/?tribe_venue=polideportivo-municipal-de-mollina-alcalde-gerardo-fernandez-delgado-ma-5407-29-29532-mollina-malaga","venue":"Polideportivo Municipal de Mollina Alcalde Gerardo Fern\u00e1ndez Delgado, MA-5407, 29, 29532 Mollina, (M\u00e1laga)","slug":"polideportivo-municipal-de-mollina-alcalde-gerardo-fernandez-delgado-ma-5407-29-29532-mollina-malaga","address":"BDA LA CALETA SN","city":"Mollina","country":"Espa\u00f1a","province":"M\u00e1laga","zip":"29532","stateprovince":"M\u00e1laga","json_ld":{"@type":"Place","name":"Polideportivo Municipal de Mollina Alcalde Gerardo Fern\u00e1ndez Delgado, MA-5407, 29, 29532 Mollina, (M\u00e1laga)","description":"","url":"","address":{"@type":"PostalAddress","streetAddress":"BDA LA CALETA SN","addressLocality":"Mollina","addressRegion":"M\u00e1laga","postalCode":"29532","addressCountry":"Espa\u00f1a"},"telephone":"","sameAs":""},"show_map":true,"show_map_link":true,"global_id":"www.fanjyda.es?id=4964","global_id_lineage":["www.fanjyda.es?id=4964"]},"organizer":[],"custom_fields":[],"json_ld":{"@context":"http:\/\/schema.org","@type":"Event","name":"CONCENTRACI\u00d3N AUTON\u00d3MICA INFANTIL Y CADETE &#8211; SECTOR ORIENTAL","description":"&lt;p&gt;CONCENTRACI\u00d3N AUTON\u00d3MICA INFANTIL Y CADETE SECTOR ORIENTAL FECHA: S\u00e1bado d\u00eda 02 de Noviembre de 2024. LUGAR: Polideportivo Municipal de Mollina, Alcalde Gerardo Fern\u00e1ndez Delgado, MA-5407, 29, 29532 Mollina, (M\u00e1laga) CATEGOR\u00cdAS: [&hellip;]&lt;\/p&gt;\\n","image":"https:\/\/www.fanjyda.es\/wp-content\/uploads\/2021\/05\/judopiez.jpg","url":"https:\/\/www.fanjyda.es\/?tribe_events=concentracion-autonomica-infantil-y-cadete-sector-oriental","eventAttendanceMode":"https:\/\/schema.org\/OfflineEventAttendanceMode","eventStatus":"https:\/\/schema.org\/EventScheduled","startDate":"2024-11-02T17:00:00+01:00","endDate":"2024-11-02T19:00:00+01:00","location":{"@type":"Place","name":"Polideportivo Municipal de Mollina Alcalde Gerardo Fern\u00e1ndez Delgado, MA-5407, 29, 29532 Mollina, (M\u00e1laga)","description":"","url":"","address":{"@type":"PostalAddress","streetAddress":"BDA LA CALETA SN","addressLocality":"Mollina","addressRegion":"M\u00e1laga","postalCode":"29532","addressCountry":"Espa\u00f1a"},"telephone":"","sameAs":""},"performer":"Organization"}}