{"id":6808,"global_id":"www.fanjyda.es?id=6808","global_id_lineage":["www.fanjyda.es?id=6808"],"author":"1","status":"publish","date":"2024-10-10 22:15:26","date_utc":"2024-10-10 20:15:26","modified":"2024-10-16 14:20:04","modified_utc":"2024-10-16 12:20:04","url":"https:\/\/www.fanjyda.es\/?tribe_events=concentracion-federativa-de-katas-malaga","rest_url":"https:\/\/www.fanjyda.es\/index.php?rest_route=\/tribe\/events\/v1\/events\/6808","title":"CONCENTRACI\u00d3N FEDERATIVA DE KATAS &#8211; MALAGA","description":"<p><!-- Contenedor principal --><\/p>\n<div style=\"width: 90%; max-width: 1200px; margin: 0 auto; padding: 20px; background-color: #fff; box-shadow: 0 2px 10px rgba(0, 0, 0, 0.1);\">\n<header style=\"text-align: center; margin-bottom: 40px;\">\n<h1 style=\"font-family: 'Playfair Display', serif; font-size: 2.5em; color: #2c3e50; margin: 0px;\">CONCENTRACI\u00d3N FEDERATIVA DE KATAS<br \/>\n26 de octubre de 2024, M\u00e1laga<\/h1>\n<\/header>\n<section style=\"margin-bottom: 40px;\">\n<h2 style=\"font-family: 'Playfair Display', serif; font-size: 1.8em; color: #27ae60;\">1. ORGANIZA<\/h2>\n<p style=\"margin-bottom: 10px;\"><strong>Federaci\u00f3n Andaluza de Judo<\/strong><br \/>\nC\/ Dorotea 4, Bajo Derecha. 11009 C\u00e1diz (Espa\u00f1a)<br \/>\nTel.: +34 956 079 891; +34 652 807 271 \u00a0||\u00a0 Fax: +34 956 079 892<br \/>\nE-mail: <a style=\"color: #2c3e50; text-decoration: none;\" href=\"mailto:administracion@fanjyda.com\">administracion@fanjyda.com<\/a><\/p>\n<h2 style=\"font-family: 'Playfair Display', serif; font-size: 1.8em; color: #27ae60;\">2. COLABORADORA<\/h2>\n<p style=\"margin-bottom: 10px;\">Consejer\u00eda de Educaci\u00f3n Cultura y Deporte de Junta de Andaluc\u00eda.<br \/>\nClub deportivo Nagare.<\/p>\n<h2 style=\"font-family: 'Playfair Display', serif; font-size: 1.8em; color: #27ae60;\">3. DIRECCI\u00d3N T\u00c9CNICA<\/h2>\n<p style=\"margin-bottom: 10px;\">D\u00f1a. Encarnaci\u00f3n Cabrerizo Lorence.<br \/>\nD. Antonio de la Llave Soria.<\/p>\n<h2 style=\"font-family: 'Playfair Display', serif; font-size: 1.8em; color: #27ae60;\">4. FECHA<\/h2>\n<p style=\"margin-bottom: 10px;\">26 de octubre de 2024<\/p>\n<h2 style=\"font-family: 'Playfair Display', serif; font-size: 1.8em; color: #27ae60;\">5. LUGAR<\/h2>\n<p style=\"margin-bottom: 10px;\">Club deportivo Nagare, camino de San Rafael n\u00ba 91 (M\u00e1laga)<\/p>\n<h2 style=\"font-family: 'Playfair Display', serif; font-size: 1.8em; color: #27ae60;\">6. ENTRENAMIENTO DE LAS KATAS<\/h2>\n<ul style=\"margin-bottom: 10px; padding-left: 20px;\">\n<li>Nage no kata.<\/li>\n<li>Katame no kata.<\/li>\n<li>Kime no kata.<\/li>\n<li>Ju No kata.<\/li>\n<\/ul>\n<h2 style=\"font-family: 'Playfair Display', serif; font-size: 1.8em; color: #27ae60;\">7. JUDOGUI<\/h2>\n<p style=\"margin-bottom: 10px; text-align: justify;\">Judogui de color BLANCO tanto para TORI como para UKE, con las medidas reglamentarias y sin dorsales. Las mujeres deber\u00e1n llevar camiseta de color BLANCO, ambas prendas como las exigidas en la competici\u00f3n oficial de judo.<\/p>\n<h2 style=\"font-family: 'Playfair Display', serif; font-size: 1.8em; color: #27ae60;\">8. HORARIOS<\/h2>\n<p style=\"margin-bottom: 10px;\">Entrenamiento de 10:00 a 14:00 horas.<\/p>\n<h2 style=\"font-family: 'Playfair Display', serif; font-size: 1.8em; color: #27ae60;\">9. INSCRIPCIONES<\/h2>\n<p style=\"margin-bottom: 10px; text-align: justify;\">Dirigido a los deportistas que participar\u00e1n en la Copa de Espa\u00f1a X Trofeo Ib\u00e9rico de katas que se celebrar\u00e1 el 23 de noviembre en el pabell\u00f3n multiuso de C\u00e1ceres (Extremadura).<\/p>\n<p style=\"margin-bottom: 10px; text-align: justify;\">Las inscripciones se realizar\u00e1n directamente ONLINE (Antes del viernes 18 de octubre de 2024): <a style=\"color: #2c3e50; text-decoration: none;\" href=\"https:\/\/forms.gle\/gERSe8YrXFhNu1BCA\" target=\"_blank\" rel=\"noopener\"><strong>FORMULARIO DE INSCRIPCI\u00d3N<\/strong><\/a>.<\/p>\n<p style=\"margin-bottom: 10px;\">Todos los participantes estar\u00e1n en la p\u00e1gina web de la FANJYDA el viernes 25 de octubre.<\/p>\n<h2 style=\"font-family: 'Playfair Display', serif; font-size: 1.8em; color: #27ae60;\">10. DOCUMENTACI\u00d3N<\/h2>\n<ul style=\"margin-bottom: 10px; padding-left: 20px;\">\n<li>Carnet de grados.<\/li>\n<li>Los inscritos deben estar en posesi\u00f3n de Licencia Deportiva en Vigor 2024\/2025.<\/li>\n<li>Autorizaci\u00f3n Paterna para los menores de edad.<\/li>\n<\/ul>\n<hr \/>\n<p>ADJUNTOS<br \/>\n<a href=\"https:\/\/www.fanjyda.es\/wp-content\/uploads\/2024\/10\/AUTORIZACION-CONCENTRACION-Y-ENTRENAMIENTO-FEDERATIVO-DE-KATAS-26-OCT-2024-MOLLINA-MALAGA.rtf\" target=\"_blank\" rel=\"noopener\">AUTORIZACION CONCENTRACI\u00d3N Y ENTRENAMIENTO FEDERATIVO DE KATAS 26 OCT 2024 MOLLINA ( M\u00c1LAGA)<\/a><\/p>\n<\/section>\n<\/div>","excerpt":"","slug":"concentracion-federativa-de-katas-malaga","image":{"url":"https:\/\/www.fanjyda.es\/wp-content\/uploads\/2022\/11\/Judo-considerado-una-excelente-alternativa-de-defensa-personal1.jpg","id":4666,"extension":"jpg","width":618,"height":363,"filesize":31164,"sizes":{"medium":{"width":300,"height":176,"mime-type":"image\/jpeg","filesize":15725,"url":"https:\/\/www.fanjyda.es\/wp-content\/uploads\/2022\/11\/Judo-considerado-una-excelente-alternativa-de-defensa-personal1-300x176.jpg"},"thumbnail":{"width":150,"height":150,"mime-type":"image\/jpeg","filesize":12614,"url":"https:\/\/www.fanjyda.es\/wp-content\/uploads\/2022\/11\/Judo-considerado-una-excelente-alternativa-de-defensa-personal1-150x150.jpg"},"et-pb-post-main-image":{"width":400,"height":250,"mime-type":"image\/jpeg","filesize":21457,"url":"https:\/\/www.fanjyda.es\/wp-content\/uploads\/2022\/11\/Judo-considerado-una-excelente-alternativa-de-defensa-personal1-400x250.jpg"},"et-pb-portfolio-image":{"width":400,"height":284,"mime-type":"image\/jpeg","filesize":23376,"url":"https:\/\/www.fanjyda.es\/wp-content\/uploads\/2022\/11\/Judo-considerado-una-excelente-alternativa-de-defensa-personal1-400x284.jpg"},"et-pb-portfolio-module-image":{"width":510,"height":363,"mime-type":"image\/jpeg","filesize":31638,"url":"https:\/\/www.fanjyda.es\/wp-content\/uploads\/2022\/11\/Judo-considerado-una-excelente-alternativa-de-defensa-personal1-510x363.jpg"},"et-pb-gallery-module-image-portrait":{"width":400,"height":363,"mime-type":"image\/jpeg","filesize":29169,"url":"https:\/\/www.fanjyda.es\/wp-content\/uploads\/2022\/11\/Judo-considerado-una-excelente-alternativa-de-defensa-personal1-400x363.jpg"},"et-pb-image--responsive--phone":{"width":480,"height":282,"mime-type":"image\/jpeg","filesize":24505,"url":"https:\/\/www.fanjyda.es\/wp-content\/uploads\/2022\/11\/Judo-considerado-una-excelente-alternativa-de-defensa-personal1-480x282.jpg"}}},"all_day":false,"start_date":"2024-10-26 10:00:00","start_date_details":{"year":"2024","month":"10","day":"26","hour":"10","minutes":"00","seconds":"00"},"end_date":"2024-10-26 14:00:00","end_date_details":{"year":"2024","month":"10","day":"26","hour":"14","minutes":"00","seconds":"00"},"utc_start_date":"2024-10-26 08:00:00","utc_start_date_details":{"year":"2024","month":"10","day":"26","hour":"08","minutes":"00","seconds":"00"},"utc_end_date":"2024-10-26 12:00:00","utc_end_date_details":{"year":"2024","month":"10","day":"26","hour":"12","minutes":"00","seconds":"00"},"timezone":"Europe\/Madrid","timezone_abbr":"CEST","cost":"","cost_details":{"currency_symbol":"","currency_code":"","currency_position":"prefix","values":[]},"website":"","show_map":true,"show_map_link":true,"hide_from_listings":false,"sticky":false,"featured":false,"categories":[{"name":"Escuela","slug":"efan","term_group":0,"term_taxonomy_id":23,"taxonomy":"tribe_events_cat","description":"","parent":0,"count":106,"filter":"raw","id":23,"urls":{"self":"https:\/\/www.fanjyda.es\/index.php?rest_route=\/tribe\/events\/v1\/categories\/23","collection":"https:\/\/www.fanjyda.es\/index.php?rest_route=\/tribe\/events\/v1\/categories"}},{"name":"Judo","slug":"judo","term_group":0,"term_taxonomy_id":12,"taxonomy":"tribe_events_cat","description":"","parent":0,"count":291,"filter":"raw","id":12,"urls":{"self":"https:\/\/www.fanjyda.es\/index.php?rest_route=\/tribe\/events\/v1\/categories\/12","collection":"https:\/\/www.fanjyda.es\/index.php?rest_route=\/tribe\/events\/v1\/categories"}}],"tags":[],"venue":{"id":3952,"author":"1","status":"publish","date":"2022-09-27 22:12:08","date_utc":"2022-09-27 20:12:08","modified":"2023-04-17 14:15:50","modified_utc":"2023-04-17 12:15:50","url":"https:\/\/www.fanjyda.es\/?tribe_venue=club-deportivo-nagare","venue":"CLUB DEPORTIVO NAGARE","slug":"club-deportivo-nagare","address":"Cmo de S. Rafael, 91, D, 29006 M\u00e1laga","city":"M\u00e1laga","country":"Espa\u00f1a","province":"M\u00e1laga","zip":"29006","stateprovince":"M\u00e1laga","json_ld":{"@type":"Place","name":"CLUB DEPORTIVO NAGARE","description":"","url":"","address":{"@type":"PostalAddress","streetAddress":"Cmo de S. Rafael, 91, D, 29006 M\u00e1laga","addressLocality":"M\u00e1laga","addressRegion":"M\u00e1laga","postalCode":"29006","addressCountry":"Espa\u00f1a"},"telephone":"","sameAs":""},"show_map":true,"show_map_link":true,"global_id":"www.fanjyda.es?id=3952","global_id_lineage":["www.fanjyda.es?id=3952"]},"organizer":[],"custom_fields":[],"json_ld":{"@context":"http:\/\/schema.org","@type":"Event","name":"CONCENTRACI\u00d3N FEDERATIVA DE KATAS &#8211; MALAGA","description":"&lt;p&gt;CONCENTRACI\u00d3N FEDERATIVA DE KATAS 26 de octubre de 2024, M\u00e1laga 1. ORGANIZA Federaci\u00f3n Andaluza de Judo C\/ Dorotea 4, Bajo Derecha. 11009 C\u00e1diz (Espa\u00f1a) Tel.: +34 956 079 891; +34 [&hellip;]&lt;\/p&gt;\\n","image":"https:\/\/www.fanjyda.es\/wp-content\/uploads\/2022\/11\/Judo-considerado-una-excelente-alternativa-de-defensa-personal1.jpg","url":"https:\/\/www.fanjyda.es\/?tribe_events=concentracion-federativa-de-katas-malaga","eventAttendanceMode":"https:\/\/schema.org\/OfflineEventAttendanceMode","eventStatus":"https:\/\/schema.org\/EventScheduled","startDate":"2024-10-26T10:00:00+02:00","endDate":"2024-10-26T14:00:00+02:00","location":{"@type":"Place","name":"CLUB DEPORTIVO NAGARE","description":"","url":"","address":{"@type":"PostalAddress","streetAddress":"Cmo de S. Rafael, 91, D, 29006 M\u00e1laga","addressLocality":"M\u00e1laga","addressRegion":"M\u00e1laga","postalCode":"29006","addressCountry":"Espa\u00f1a"},"telephone":"","sameAs":""},"performer":"Organization"}}