{"id":7566,"global_id":"www.fanjyda.es?id=7566","global_id_lineage":["www.fanjyda.es?id=7566"],"author":"1","status":"publish","date":"2025-05-02 09:32:33","date_utc":"2025-05-02 07:32:33","modified":"2025-05-07 10:58:09","modified_utc":"2025-05-07 08:58:09","url":"https:\/\/www.fanjyda.es\/?tribe_events=i-campeonato-de-judo-pablo-abiol-la-linea-de-la-concepcion-cadiz","rest_url":"https:\/\/www.fanjyda.es\/index.php?rest_route=\/tribe\/events\/v1\/events\/7566","title":"I CAMPEONATO DE JUDO \u201cPABLO ABIOL\u201d La L\u00ednea de la Concepci\u00f3n (C\u00e1diz)","description":"<p><!-- Contenedor principal --><\/p>\n<div style=\"width: 90%; max-width: 1200px; margin: 0 auto; padding: 20px; background-color: #fff; box-shadow: 0 2px 10px rgba(0, 0, 0, 0.1); font-family: Arial, sans-serif;\">\n<h3 style=\"font-family: 'Playfair Display', serif; font-size: 1.7em; color: #27ae60; margin-top: 20px;\">1. ORGANIZA<\/h3>\n<p style=\"font-size: 1.1em;\">CLUB DEPORTIVO GEIKO JUDO LA L\u00cdNEA<br \/>\nAvd. Del Ej\u00e9rcito s\/n<br \/>\nTel.: +34 616 011 461<br \/>\nE-mail: <a style=\"color: #27ae60; text-decoration: none;\" href=\"mailto:clubjudogeiko@gmail.com\">clubjudogeiko@gmail.com<\/a><\/p>\n<h3 style=\"font-family: 'Playfair Display', serif; font-size: 1.7em; color: #27ae60; margin-top: 20px;\">2. COLABORADORES<\/h3>\n<p style=\"font-size: 1.1em;\">Excmo. Ayuntamiento de La L\u00ednea de la Concepci\u00f3n (C\u00e1diz).<br \/>\nFederaci\u00f3n Andaluza de Judo y D.A.<br \/>\nDiputaci\u00f3n de C\u00e1diz<\/p>\n<h3 style=\"font-family: 'Playfair Display', serif; font-size: 1.7em; color: #27ae60; margin-top: 20px;\">3. DIRECCI\u00d3N T\u00c9CNICA<\/h3>\n<p style=\"font-size: 1.1em;\">Delegaci\u00f3n Provincial: Manuel J. Padilla Tard\u00edo.<br \/>\nDirector T\u00e9cnico: Juan Carlos Dom\u00ednguez V\u00e9lez.<\/p>\n<h3 style=\"font-family: 'Playfair Display', serif; font-size: 1.7em; color: #27ae60; margin-top: 20px;\">4. FECHAS<\/h3>\n<p style=\"font-size: 1.1em;\">25 de mayo de 2025<\/p>\n<h3 style=\"font-family: 'Playfair Display', serif; font-size: 1.7em; color: #27ae60; margin-top: 20px;\">5. LUGAR<\/h3>\n<p style=\"font-size: 1.1em;\">Pabell\u00f3n Municipal de La L\u00ednea de la Concepci\u00f3n (C\u00e1diz)<\/p>\n<h3 style=\"font-family: 'Playfair Display', serif; font-size: 1.7em; color: #27ae60; margin-top: 20px;\">6. IM\u00c1GENES<\/h3>\n<p style=\"font-size: 1.1em;\">Solo podr\u00e1n realizar grabaciones de im\u00e1genes aquellas personas autorizadas por la organizaci\u00f3n.<\/p>\n<h3 style=\"font-family: 'Playfair Display', serif; font-size: 1.7em; color: #27ae60; margin-top: 20px;\">7. JUDOGUI<\/h3>\n<p style=\"font-size: 1.1em;\">Judogui de color BLANCO o AZUL.<\/p>\n<h3 style=\"font-family: 'Playfair Display', serif; font-size: 1.7em; color: #27ae60; margin-top: 20px;\">8. HORARIOS DEL CAMPEONATO<\/h3>\n<p style=\"font-size: 1.1em;\">De 10:00 a 13:30 horas aproximadamente.<\/p>\n<h3 style=\"font-family: 'Playfair Display', serif; font-size: 1.7em; color: #27ae60; margin-top: 20px;\">9. INSCRIPCIONES Y PRECIO<\/h3>\n<p style=\"font-size: 1.1em;\">Las inscripciones se har\u00e1n rellenando la <a href=\"https:\/\/www.fanjyda.es\/wp-content\/uploads\/2025\/05\/HOJA-DE-INSCRIPCION-I-CAMPEONATO-DE-JUDO-PABLO-ABIOL-La-Linea-de-la-Concepcion-Cadiz.xls\" target=\"_blank\" rel=\"noopener\">&gt;&gt; Hoja de inscripci\u00f3n &lt;&lt;<\/a> y remitiendo a directamente al Club Deportivo Geiko o trav\u00e9s de la FANJYDA, hasta el <strong>07 de mayo de 2025<\/strong>.<br \/>\nEmail: <a style=\"color: #27ae60; text-decoration: none;\" href=\"mailto:clubjudogeiko@gmail.com\">clubjudogeiko@gmail.com<\/a> \/ <a style=\"color: #27ae60; text-decoration: none;\" href=\"mailto:administracion@fanjyda.com\">administracion@fanjyda.com<\/a><\/p>\n<h3 style=\"font-family: 'Playfair Display', serif; font-size: 1.7em; color: #27ae60; margin-top: 20px;\">10. DOCUMENTACI\u00d3N<\/h3>\n<ul style=\"font-size: 1.1em; padding-left: 20px;\">\n<li>Carnet de grados.<\/li>\n<li>Licencia Deportiva en vigor.<\/li>\n<li>Autorizaci\u00f3n Paterna para menores de edad.<\/li>\n<\/ul>\n<h3 style=\"font-family: 'Playfair Display', serif; font-size: 1.7em; color: #27ae60; margin-top: 20px;\">11. IMPORTANTE<\/h3>\n<p style=\"font-size: 1.1em;\">Todo participante que no est\u00e9 inscrito no podr\u00e1 participar en el campeonato.<br \/>\nLos clubes participantes, si es posible, deber\u00e1n aportar un \u00e1rbitro.<\/p>\n<h3 style=\"font-family: 'Playfair Display', serif; font-size: 1.7em; color: #27ae60; margin-top: 20px;\">12. CATEGOR\u00cdAS<\/h3>\n<p style=\"font-size: 1.1em;\">BENJAMINES<br \/>\nALEVINES<br \/>\nINFANTILES<br \/>\nCADETES (los dos primeros a\u00f1os de la categor\u00eda)<\/p>\n<p style=\"font-size: 1.1em;\">En Benjamines y Alevines, se agrupar\u00e1 por cintur\u00f3n y complexi\u00f3n f\u00edsica para garantizar un m\u00ednimo de 3 combates.<br \/>\nEn Infantiles y Cadetes, pesaje una hora antes del inicio.<br \/>\nTodos los participantes recibir\u00e1n medalla de participaci\u00f3n.<\/p>\n<h3 style=\"font-family: 'Playfair Display', serif; font-size: 1.7em; color: #27ae60; margin-top: 20px;\">13. NOTAS IMPORTANTES<\/h3>\n<p style=\"font-size: 1.1em;\">Los clubes deben tramitar su reafiliaci\u00f3n antes de la inscripci\u00f3n.<br \/>\nTodos los participantes, entrenadores o tutores aceptan las normas al enviar su inscripci\u00f3n.<br \/>\nDeportistas con patolog\u00edas no restrictivas (asma, diabetes, ansiedad, epilepsia, etc.) deben notificarlo por escrito a la FANJYDA. La informaci\u00f3n es confidencial y se comunicar\u00e1 solo al m\u00e9dico de la competici\u00f3n.<\/p>\n<h3 style=\"font-family: 'Playfair Display', serif; font-size: 1.7em; color: #27ae60; margin-top: 20px;\">14. PROTOCOLO, NORMAS T\u00c9CNICAS Y DE COMPORTAMIENTO<\/h3>\n<p style=\"font-size: 1.1em;\">Entrega de Trofeos en judogi blanco; no se permite subir al podio con pancartas o acompa\u00f1antes.<br \/>\nEl entrenador es responsable de la conducta de su judoka dentro del pabell\u00f3n.<br \/>\nComunicaci\u00f3n respetuosa, sin cr\u00edticas a las decisiones arbitrales; gestos despectivos o insultos conllevan descalificaci\u00f3n y expulsi\u00f3n de la zona de competici\u00f3n.<\/p>\n<h3 style=\"font-family: 'Playfair Display', serif; font-size: 1.7em; color: #27ae60; margin-top: 20px;\">15. EQUIPO SANITARIO<\/h3>\n<p style=\"font-size: 1.1em;\">M\u00e9dico: Pendiente de confirmaci\u00f3n por el organizador.<\/p>\n<h3 style=\"font-family: 'Playfair Display', serif; font-size: 1.7em; color: #27ae60; margin-top: 20px;\">16. EQUIPO SANITARIO AUXILIAR Y DE TRASLADO<\/h3>\n<p style=\"font-size: 1.1em;\">Ambulancia medicalizada.<\/p>\n<h3 style=\"font-family: 'Playfair Display', serif; font-size: 1.7em; color: #27ae60; margin-top: 20px;\">17. PARTE DE ACCIDENTES Y NORMAS A SEGUIR<\/h3>\n<p style=\"font-size: 1.1em;\">Se adjunta parte de Accidente Deportivo y normas a seguir en caso de accidente deportivo.<\/p>\n<h3 style=\"font-family: 'Playfair Display', serif; font-size: 1.7em; color: #27ae60; margin-top: 20px;\">18. CENTROS ASISTENCIALES DEL SEGURO DEPORTIVO<\/h3>\n<p style=\"font-size: 1.1em;\">Pendiente de confirmaci\u00f3n.<\/p>\n<\/div>","excerpt":"","slug":"i-campeonato-de-judo-pablo-abiol-la-linea-de-la-concepcion-cadiz","image":{"url":"https:\/\/www.fanjyda.es\/wp-content\/uploads\/2025\/05\/geiko-web.jpg","id":7572,"extension":"jpg","width":318,"height":450,"filesize":158879,"sizes":{"medium":{"width":212,"height":300,"mime-type":"image\/jpeg","filesize":31954,"url":"https:\/\/www.fanjyda.es\/wp-content\/uploads\/2025\/05\/geiko-web-212x300.jpg"},"thumbnail":{"width":150,"height":150,"mime-type":"image\/jpeg","filesize":18268,"url":"https:\/\/www.fanjyda.es\/wp-content\/uploads\/2025\/05\/geiko-web-150x150.jpg"},"et-pb-post-main-image":{"width":318,"height":250,"mime-type":"image\/jpeg","filesize":33864,"url":"https:\/\/www.fanjyda.es\/wp-content\/uploads\/2025\/05\/geiko-web-318x250.jpg"},"et-pb-portfolio-image":{"width":318,"height":284,"mime-type":"image\/jpeg","filesize":37418,"url":"https:\/\/www.fanjyda.es\/wp-content\/uploads\/2025\/05\/geiko-web-318x284.jpg"},"et-pb-portfolio-module-image":{"width":318,"height":382,"mime-type":"image\/jpeg","filesize":48938,"url":"https:\/\/www.fanjyda.es\/wp-content\/uploads\/2025\/05\/geiko-web-318x382.jpg"}}},"all_day":false,"start_date":"2025-05-25 10:00:00","start_date_details":{"year":"2025","month":"05","day":"25","hour":"10","minutes":"00","seconds":"00"},"end_date":"2025-05-25 13:30:00","end_date_details":{"year":"2025","month":"05","day":"25","hour":"13","minutes":"30","seconds":"00"},"utc_start_date":"2025-05-25 08:00:00","utc_start_date_details":{"year":"2025","month":"05","day":"25","hour":"08","minutes":"00","seconds":"00"},"utc_end_date":"2025-05-25 11:30:00","utc_end_date_details":{"year":"2025","month":"05","day":"25","hour":"11","minutes":"30","seconds":"00"},"timezone":"Europe\/Madrid","timezone_abbr":"CEST","cost":"","cost_details":{"currency_symbol":"","currency_code":"","currency_position":"prefix","values":[]},"website":"","show_map":true,"show_map_link":true,"hide_from_listings":false,"sticky":false,"featured":false,"categories":[{"name":"Judo","slug":"judo","term_group":0,"term_taxonomy_id":12,"taxonomy":"tribe_events_cat","description":"","parent":0,"count":292,"filter":"raw","id":12,"urls":{"self":"https:\/\/www.fanjyda.es\/index.php?rest_route=\/tribe\/events\/v1\/categories\/12","collection":"https:\/\/www.fanjyda.es\/index.php?rest_route=\/tribe\/events\/v1\/categories"}}],"tags":[],"venue":{"id":3961,"author":"1","status":"publish","date":"2022-10-03 14:45:50","date_utc":"2022-10-03 12:45:50","modified":"2022-10-03 14:45:50","modified_utc":"2022-10-03 12:45:50","url":"https:\/\/www.fanjyda.es\/?tribe_venue=pabellon-municipal-ciudad-de-la-linea","venue":"Pabell\u00f3n Municipal Ciudad de La L\u00ednea","slug":"pabellon-municipal-ciudad-de-la-linea","address":"Av. Pr\u00edncipe de Asturias, 227","city":"La L\u00ednea de la Concepci\u00f3n","country":"Espa\u00f1a","province":"Cadiz","zip":"11300","stateprovince":"Cadiz","json_ld":{"@type":"Place","name":"Pabell\u00f3n Municipal Ciudad de La L\u00ednea","description":"","url":"","address":{"@type":"PostalAddress","streetAddress":"Av. Pr\u00edncipe de Asturias, 227","addressLocality":"La L\u00ednea de la Concepci\u00f3n","addressRegion":"Cadiz","postalCode":"11300","addressCountry":"Espa\u00f1a"},"telephone":"","sameAs":""},"show_map":true,"show_map_link":true,"global_id":"www.fanjyda.es?id=3961","global_id_lineage":["www.fanjyda.es?id=3961"]},"organizer":[],"custom_fields":[],"json_ld":{"@context":"http:\/\/schema.org","@type":"Event","name":"I CAMPEONATO DE JUDO \u201cPABLO ABIOL\u201d La L\u00ednea de la Concepci\u00f3n (C\u00e1diz)","description":"&lt;p&gt;1. ORGANIZA CLUB DEPORTIVO GEIKO JUDO LA L\u00cdNEA Avd. Del Ej\u00e9rcito s\/n Tel.: +34 616 011 461 E-mail: clubjudogeiko@gmail.com 2. COLABORADORES Excmo. Ayuntamiento de La L\u00ednea de la Concepci\u00f3n (C\u00e1diz). [&hellip;]&lt;\/p&gt;\\n","image":"https:\/\/www.fanjyda.es\/wp-content\/uploads\/2025\/05\/geiko-web.jpg","url":"https:\/\/www.fanjyda.es\/?tribe_events=i-campeonato-de-judo-pablo-abiol-la-linea-de-la-concepcion-cadiz","eventAttendanceMode":"https:\/\/schema.org\/OfflineEventAttendanceMode","eventStatus":"https:\/\/schema.org\/EventScheduled","startDate":"2025-05-25T10:00:00+02:00","endDate":"2025-05-25T13:30:00+02:00","location":{"@type":"Place","name":"Pabell\u00f3n Municipal Ciudad de La L\u00ednea","description":"","url":"","address":{"@type":"PostalAddress","streetAddress":"Av. Pr\u00edncipe de Asturias, 227","addressLocality":"La L\u00ednea de la Concepci\u00f3n","addressRegion":"Cadiz","postalCode":"11300","addressCountry":"Espa\u00f1a"},"telephone":"","sameAs":""},"performer":"Organization"}}