{"id":7672,"global_id":"www.fanjyda.es?id=7672","global_id_lineage":["www.fanjyda.es?id=7672"],"author":"1","status":"publish","date":"2025-07-28 23:30:31","date_utc":"2025-07-28 21:30:31","modified":"2025-08-05 19:13:13","modified_utc":"2025-08-05 17:13:13","url":"https:\/\/www.fanjyda.es\/?tribe_events=concentracion-federativa-de-katas-17-de-agosto-malaga","rest_url":"https:\/\/www.fanjyda.es\/index.php?rest_route=\/tribe\/events\/v1\/events\/7672","title":"CONCENTRACION FEDERATIVA DE KATAS &#8211; 17 de AGOSTO MALAGA","description":"<div style=\"width: 90%; max-width: 1200px; margin: 0 auto; padding: 20px; background-color: #fff; box-shadow: 0 2px 10px rgba(0, 0, 0, 0.1); font-family: Arial, sans-serif;\">\n<h3 style=\"font-family: 'Playfair Display', serif; font-size: 1.7em; color: #27ae60; margin-top: 20px;\">1. ORGANIZA<\/h3>\n<p style=\"font-size: 1.1em;\">Federaci\u00f3n Andaluza de Judo<br \/>\nAvda. Ana de Viya n\u00ba 9. 11009 C\u00e1diz (Espa\u00f1a)<br \/>\nTel.: +34 956 079 891; +34 652 807 271<br \/>\nE-mail: <a style=\"color: #27ae60; text-decoration: none;\" href=\"mailto:administracion@fanjyda.com\">administracion@fanjyda.com<\/a><\/p>\n<h3 style=\"font-family: 'Playfair Display', serif; font-size: 1.7em; color: #27ae60; margin-top: 20px;\">2. COLABORADORA<\/h3>\n<p style=\"font-size: 1.1em;\">Consejer\u00eda de Cultura y Deporte de Junta de Andaluc\u00eda.<br \/>\nExcmo. Ayuntamiento de Torremolinos.<\/p>\n<h3 style=\"font-family: 'Playfair Display', serif; font-size: 1.7em; color: #27ae60; margin-top: 20px;\">3. DIRECCI\u00d3N T\u00c9CNICA<\/h3>\n<p style=\"font-size: 1.1em;\">Comit\u00e9 de Katas.<br \/>\nAntonio de la Llave Soria.<br \/>\nFrancisco Mart\u00edn M\u00e1rquez.<br \/>\nJuan Jos\u00e9 Cortes Molina.<\/p>\n<h3 style=\"font-family: 'Playfair Display', serif; font-size: 1.7em; color: #27ae60; margin-top: 20px;\">4. FECHA<\/h3>\n<p style=\"font-size: 1.1em;\">17 de agosto de 2025<\/p>\n<h3 style=\"font-family: 'Playfair Display', serif; font-size: 1.7em; color: #27ae60; margin-top: 20px;\">5. LUGAR<\/h3>\n<p style=\"font-size: 1.1em;\">Palacio San Miguel de Torremolinos (M\u00e1laga)<br \/>\nDirecci\u00f3n: C. Pedro Navarro Bruna, 6, 29620<\/p>\n<h3 style=\"font-family: 'Playfair Display', serif; font-size: 1.7em; color: #27ae60; margin-top: 20px;\">6. CONCENTRACI\u00d3N DE LAS KATAS<\/h3>\n<ul style=\"font-size: 1.1em; padding-left: 20px;\">\n<li>Nage no Kata.<\/li>\n<li>Katame no kata.<\/li>\n<li>Kime no Kata.<\/li>\n<li>Ju no kata.<\/li>\n<\/ul>\n<h3 style=\"font-family: 'Playfair Display', serif; font-size: 1.7em; color: #27ae60; margin-top: 20px;\">7. JUDOGI<\/h3>\n<p style=\"font-size: 1.1em;\">Judogi de color BLANCO tanto para TORI como para UKE, con las medidas reglamentarias y sin dorsales. Las mujeres deber\u00e1n llevar camiseta de color BLANCO, ambas prendas como las exigidas en la competici\u00f3n oficial de judo.<\/p>\n<h3 style=\"font-family: 'Playfair Display', serif; font-size: 1.7em; color: #27ae60; margin-top: 20px;\">8. HORARIOS<\/h3>\n<p style=\"font-size: 1.1em;\">Entrenamiento de 10,00 a 13,00 horas.<\/p>\n<h3 style=\"font-family: 'Playfair Display', serif; font-size: 1.7em; color: #27ae60; margin-top: 20px;\">9. INSCRIPCIONES<\/h3>\n<p style=\"font-size: 1.1em;\">Destinado a deportistas <strong>EXCLUSIVAMENTE<\/strong> que compiten en campeonatos de Katas. Podr\u00e1n participar jueces que deseen practicar los criterios de valoraci\u00f3n. Todo participante que no est\u00e9 inscrito no podr\u00e1 participar. Las inscripciones se realizar\u00e1n directamente ONLINE (Antes de las 12.00 horas del lunes 11 de agosto de 2025). Todos los participantes estar\u00e1n en la p\u00e1gina web de la FANJYDA el martes 12 de agosto.<\/p>\n<p style=\"font-size: 1.1em;\"><a style=\"color: #27ae60; text-decoration: none;\" href=\"https:\/\/forms.gle\/T42zb2z7o8j1uwWY8\" target=\"_blank\" rel=\"noopener\">&gt;\u22d9 FORMULARIO DE INSCRIPCI\u00d3N &lt;&lt;<\/a><\/p>\n<h3 style=\"font-family: 'Playfair Display', serif; font-size: 1.7em; color: #27ae60; margin-top: 20px;\">10. DOCUMENTACI\u00d3N<\/h3>\n<ul style=\"font-size: 1.1em; padding-left: 20px;\">\n<li>Carnet de grados.<\/li>\n<li>Los inscritos deben estar en posesi\u00f3n de Licencia Deportiva en Vigor 2024\/2025.<\/li>\n<li>Autorizaci\u00f3n Paterna para los menores de edad.<\/li>\n<\/ul>\n<h3 style=\"font-family: 'Playfair Display', serif; font-size: 1.7em; color: #27ae60; margin-top: 20px;\">\u00a0ADJUNTOS<\/h3>\n<p><a href=\"https:\/\/www.fanjyda.es\/wp-content\/uploads\/2025\/07\/AUTORIZACION-CONCENTRACION-FEDERATIVA-DE-KATAS-17-AGO-2025-TORREMOLINOS-MALAGA.doc\">AUTORIZACION CONCENTRACI\u00d3N FEDERATIVA DE KATAS 17 AGO 2025 TORREMOLINOS ( M\u00c1LAGA)<\/a><\/p>\n<\/div>","excerpt":"","slug":"concentracion-federativa-de-katas-17-de-agosto-malaga","image":{"url":"https:\/\/www.fanjyda.es\/wp-content\/uploads\/2022\/10\/tecnicas-de-judo1.jpg","id":4548,"extension":"jpg","width":1260,"height":700,"filesize":46342,"sizes":{"medium":{"width":300,"height":167,"mime-type":"image\/jpeg","filesize":8755,"url":"https:\/\/www.fanjyda.es\/wp-content\/uploads\/2022\/10\/tecnicas-de-judo1-300x167.jpg"},"large":{"width":1024,"height":569,"mime-type":"image\/jpeg","filesize":54869,"url":"https:\/\/www.fanjyda.es\/wp-content\/uploads\/2022\/10\/tecnicas-de-judo1-1024x569.jpg"},"thumbnail":{"width":150,"height":150,"mime-type":"image\/jpeg","filesize":5309,"url":"https:\/\/www.fanjyda.es\/wp-content\/uploads\/2022\/10\/tecnicas-de-judo1-150x150.jpg"},"medium_large":{"width":768,"height":427,"mime-type":"image\/jpeg","filesize":35725,"url":"https:\/\/www.fanjyda.es\/wp-content\/uploads\/2022\/10\/tecnicas-de-judo1-768x427.jpg"},"et-pb-post-main-image":{"width":400,"height":250,"mime-type":"image\/jpeg","filesize":14944,"url":"https:\/\/www.fanjyda.es\/wp-content\/uploads\/2022\/10\/tecnicas-de-judo1-400x250.jpg"},"et-pb-post-main-image-fullwidth":{"width":1080,"height":675,"mime-type":"image\/jpeg","filesize":65909,"url":"https:\/\/www.fanjyda.es\/wp-content\/uploads\/2022\/10\/tecnicas-de-judo1-1080x675.jpg"},"et-pb-portfolio-image":{"width":400,"height":284,"mime-type":"image\/jpeg","filesize":17031,"url":"https:\/\/www.fanjyda.es\/wp-content\/uploads\/2022\/10\/tecnicas-de-judo1-400x284.jpg"},"et-pb-portfolio-module-image":{"width":510,"height":382,"mime-type":"image\/jpeg","filesize":25583,"url":"https:\/\/www.fanjyda.es\/wp-content\/uploads\/2022\/10\/tecnicas-de-judo1-510x382.jpg"},"et-pb-portfolio-image-single":{"width":1080,"height":600,"mime-type":"image\/jpeg","filesize":59111,"url":"https:\/\/www.fanjyda.es\/wp-content\/uploads\/2022\/10\/tecnicas-de-judo1-1080x600.jpg"},"et-pb-gallery-module-image-portrait":{"width":400,"height":516,"mime-type":"image\/jpeg","filesize":25102,"url":"https:\/\/www.fanjyda.es\/wp-content\/uploads\/2022\/10\/tecnicas-de-judo1-400x516.jpg"},"et-pb-image--responsive--tablet":{"width":980,"height":544,"mime-type":"image\/jpeg","filesize":51298,"url":"https:\/\/www.fanjyda.es\/wp-content\/uploads\/2022\/10\/tecnicas-de-judo1-980x544.jpg"},"et-pb-image--responsive--phone":{"width":480,"height":267,"mime-type":"image\/jpeg","filesize":17489,"url":"https:\/\/www.fanjyda.es\/wp-content\/uploads\/2022\/10\/tecnicas-de-judo1-480x267.jpg"}}},"all_day":false,"start_date":"2025-08-17 10:00:00","start_date_details":{"year":"2025","month":"08","day":"17","hour":"10","minutes":"00","seconds":"00"},"end_date":"2025-08-17 13:00:00","end_date_details":{"year":"2025","month":"08","day":"17","hour":"13","minutes":"00","seconds":"00"},"utc_start_date":"2025-08-17 08:00:00","utc_start_date_details":{"year":"2025","month":"08","day":"17","hour":"08","minutes":"00","seconds":"00"},"utc_end_date":"2025-08-17 11:00:00","utc_end_date_details":{"year":"2025","month":"08","day":"17","hour":"11","minutes":"00","seconds":"00"},"timezone":"Europe\/Madrid","timezone_abbr":"CEST","cost":"","cost_details":{"currency_symbol":"","currency_code":"","currency_position":"prefix","values":[]},"website":"","show_map":true,"show_map_link":true,"hide_from_listings":false,"sticky":false,"featured":false,"categories":[{"name":"Judo","slug":"judo","term_group":0,"term_taxonomy_id":12,"taxonomy":"tribe_events_cat","description":"","parent":0,"count":292,"filter":"raw","id":12,"urls":{"self":"https:\/\/www.fanjyda.es\/index.php?rest_route=\/tribe\/events\/v1\/categories\/12","collection":"https:\/\/www.fanjyda.es\/index.php?rest_route=\/tribe\/events\/v1\/categories"}}],"tags":[],"venue":{"id":1895,"author":"1","status":"publish","date":"2020-02-05 20:43:54","date_utc":"2020-02-05 19:43:54","modified":"2020-02-05 20:43:54","modified_utc":"2020-02-05 19:43:54","url":"https:\/\/www.fanjyda.es\/?tribe_venue=palacio-san-miguel-c-pedro-navarro-bruna-s-n-29620-torremolinos-malaga","venue":"Palacio San Miguel, C\/ Pedro Navarro Bruna, s\/n 29620, Torremolinos (M\u00e1laga)","slug":"palacio-san-miguel-c-pedro-navarro-bruna-s-n-29620-torremolinos-malaga","address":"C\/ Pedro Navarro Bruna, s\/n","city":"Torremolinos","country":"Espa\u00f1a","province":"M\u00e1laga","zip":"29620","stateprovince":"M\u00e1laga","json_ld":{"@type":"Place","name":"Palacio San Miguel, C\/ Pedro Navarro Bruna, s\/n 29620, Torremolinos (M\u00e1laga)","description":"","url":"","address":{"@type":"PostalAddress","streetAddress":"C\/ Pedro Navarro Bruna, s\/n","addressLocality":"Torremolinos","addressRegion":"M\u00e1laga","postalCode":"29620","addressCountry":"Espa\u00f1a"},"telephone":"","sameAs":""},"show_map":true,"show_map_link":true,"global_id":"www.fanjyda.es?id=1895","global_id_lineage":["www.fanjyda.es?id=1895"]},"organizer":[],"custom_fields":[],"json_ld":{"@context":"http:\/\/schema.org","@type":"Event","name":"CONCENTRACION FEDERATIVA DE KATAS &#8211; 17 de AGOSTO MALAGA","description":"&lt;p&gt;1. ORGANIZA Federaci\u00f3n Andaluza de Judo Avda. Ana de Viya n\u00ba 9. 11009 C\u00e1diz (Espa\u00f1a) Tel.: +34 956 079 891; +34 652 807 271 E-mail: administracion@fanjyda.com 2. COLABORADORA Consejer\u00eda de [&hellip;]&lt;\/p&gt;\\n","image":"https:\/\/www.fanjyda.es\/wp-content\/uploads\/2022\/10\/tecnicas-de-judo1.jpg","url":"https:\/\/www.fanjyda.es\/?tribe_events=concentracion-federativa-de-katas-17-de-agosto-malaga","eventAttendanceMode":"https:\/\/schema.org\/OfflineEventAttendanceMode","eventStatus":"https:\/\/schema.org\/EventScheduled","startDate":"2025-08-17T10:00:00+02:00","endDate":"2025-08-17T13:00:00+02:00","location":{"@type":"Place","name":"Palacio San Miguel, C\/ Pedro Navarro Bruna, s\/n 29620, Torremolinos (M\u00e1laga)","description":"","url":"","address":{"@type":"PostalAddress","streetAddress":"C\/ Pedro Navarro Bruna, s\/n","addressLocality":"Torremolinos","addressRegion":"M\u00e1laga","postalCode":"29620","addressCountry":"Espa\u00f1a"},"telephone":"","sameAs":""},"performer":"Organization"}}