{"id":7702,"global_id":"www.fanjyda.es?id=7702","global_id_lineage":["www.fanjyda.es?id=7702"],"author":"1","status":"publish","date":"2025-08-11 13:01:16","date_utc":"2025-08-11 11:01:16","modified":"2025-08-11 13:24:41","modified_utc":"2025-08-11 11:24:41","url":"https:\/\/www.fanjyda.es\/?tribe_events=concentracion-equipos-andaluces-infantiles-cadetes-junior-y-senior-el-bosque","rest_url":"https:\/\/www.fanjyda.es\/index.php?rest_route=\/tribe\/events\/v1\/events\/7702","title":"CONCENTRACI\u00d3N EQUIPOS ANDALUCES INFANTILES, CADETES, JUNIOR Y SENIOR &#8211; EL BOSQUE","description":"<div style=\"width: 90%; max-width: 1200px; margin: 0 auto; padding: 20px; background-color: #fff; box-shadow: 0 2px 10px rgba(0, 0, 0, 0.1); font-family: Arial, sans-serif;\">\n<h3 style=\"font-family: 'Playfair Display', serif; font-size: 1.7em; color: #27ae60; margin-top: 20px;\">1. ORGANIZA<\/h3>\n<p style=\"font-size: 1.1em;\">Federaci\u00f3n Andaluza de Judo<br \/>\nC\/ Ra\u00fal Calvo 4, Bajo Derecha. 11009 C\u00e1diz (Espa\u00f1a)<br \/>\nTel.: +34 956 079 891; +34 652 807 271 || Fax: +34 956 079 892<br \/>\nE-mail: <a style=\"color: #27ae60; text-decoration: none;\" href=\"mailto:administracion@fanjyda.com\">administracion@fanjyda.com<\/a><\/p>\n<h3 style=\"font-family: 'Playfair Display', serif; font-size: 1.7em; color: #27ae60; margin-top: 20px;\">2. COLABORADORES<\/h3>\n<p style=\"font-size: 1.1em;\">Excmo. Ayuntamiento de El Bosque.<br \/>\nConsejer\u00eda de Educaci\u00f3n Cultura y Deporte de Junta de Andaluc\u00eda.<\/p>\n<h3 style=\"font-family: 'Playfair Display', serif; font-size: 1.7em; color: #27ae60; margin-top: 20px;\">3. DIRECCI\u00d3N T\u00c9CNICA<\/h3>\n<p style=\"font-size: 1.1em;\">Delegado Provincial: Manuel Padilla Tard\u00edo.<br \/>\nComit\u00e9 de entrenadores.<\/p>\n<h3 style=\"font-family: 'Playfair Display', serif; font-size: 1.7em; color: #27ae60; margin-top: 20px;\">4. FECHAS<\/h3>\n<p style=\"font-size: 1.1em;\">12 al 14 de septiembre de 2025.<\/p>\n<h3 style=\"font-family: 'Playfair Display', serif; font-size: 1.7em; color: #27ae60; margin-top: 20px;\">5. LUGAR DE LA CONCENTRACI\u00d3N<\/h3>\n<p style=\"font-size: 1.1em;\">Pabell\u00f3n Municipal de el Bosque Manuel Padilla Tard\u00edo (C\u00e1diz).<br \/>\nCamping la Torrecilla, Ctra. Antigua El Bosque-Ubrique, km1, 11670 El Bosque, C\u00e1diz.<\/p>\n<h3 style=\"font-family: 'Playfair Display', serif; font-size: 1.7em; color: #27ae60; margin-top: 20px;\">6. PRECIO<\/h3>\n<p style=\"font-size: 1.1em;\">Cena del viernes 12, pensi\u00f3n completa del s\u00e1bado 13 y desayuno del domingo 14 de septiembre (80\u20ac) a las 100 primeras inscripciones.<\/p>\n<p style=\"font-size: 1.1em;\">Los seniors solo tienen el entrenamiento del s\u00e1bado sin pernocta ni comida.<\/p>\n<h3 style=\"font-family: 'Playfair Display', serif; font-size: 1.7em; color: #27ae60; margin-top: 20px;\">7. JUDOGI<\/h3>\n<p style=\"font-size: 1.1em;\">Judogi blanco o azul.<\/p>\n<h3 style=\"font-family: 'Playfair Display', serif; font-size: 1.7em; color: #27ae60; margin-top: 20px;\">8. HORARIOS<\/h3>\n<p style=\"font-size: 1.1em;\"><strong>Viernes 12 de septiembre.<\/strong><\/p>\n<ul style=\"font-size: 1.1em; padding-left: 20px;\">\n<li>Recepci\u00f3n de los infantiles, cadetes y junior de 17.00 a 17.30 horas en el camping la Torrecilla.<\/li>\n<li>Entrenamientos infantiles, cadetes y junior de 18.00 a 20.00 horas.<\/li>\n<li>Cena 21.30 horas.<\/li>\n<li>Reuni\u00f3n t\u00e9cnica a las 22.00 horas.<\/li>\n<\/ul>\n<p style=\"font-size: 1.1em;\"><strong>S\u00e1bado 13 de septiembre.<\/strong><\/p>\n<ul style=\"font-size: 1.1em; padding-left: 20px;\">\n<li>Desayuno 08.30 horas.<\/li>\n<li>Entrenamiento infantiles y cadetes de 10,00 a 12,00 horas y de 15.30 a 17.30 horas.<\/li>\n<li>Entrenamiento junior y senior de 12,00 a 14,00 horas y de 17.00 a 19.00 horas.<\/li>\n<li>Comida infantiles y cadetes de 13.30 horas, los juniors a las 14.30 horas.<\/li>\n<li>Cena 21.30 horas.<\/li>\n<li>Reuni\u00f3n t\u00e9cnica a las 22.00 horas.<\/li>\n<\/ul>\n<p style=\"font-size: 1.1em;\"><strong>Domingo 14 de septiembre.<\/strong><\/p>\n<ul style=\"font-size: 1.1em; padding-left: 20px;\">\n<li>Entrenamientos infantiles, cadetes y junior de 10,00 a 12,00 horas.<\/li>\n<li>Dispersi\u00f3n en el pabell\u00f3n a las 12.30 horas.<\/li>\n<\/ul>\n<h3 style=\"font-family: 'Playfair Display', serif; font-size: 1.7em; color: #27ae60; margin-top: 20px;\">9. INSCRIPCIONES<\/h3>\n<p style=\"font-size: 1.1em;\">Las inscripciones se realizar\u00e1n directamente en el\u00a0<a href=\"https:\/\/forms.gle\/PV78gut5KnRxgBKE7\" target=\"_blank\" rel=\"noopener\">&gt;&gt; FORMULARIO DE INSCRIPCI\u00d3N &lt;&lt;<\/a>\u00a0 y\u00a0 posteriormente se deber\u00e1 remitir un email a <a style=\"color: #27ae60; text-decoration: none;\" href=\"mailto:administracion@fanjyda.com\">administracion@fanjyda.com <\/a>\u00a0adjuntando el resguardo del ingreso.<\/p>\n<p style=\"font-size: 1.1em;\"><strong>CAIXABANK: ES90 2100 8726 8413 0016 9267<\/strong><\/p>\n<p style=\"font-size: 1.1em;\">80\u20ac Antes del jueves 4 de septiembre a las 12.00 horas.<br \/>\n100\u20ac Entre el jueves 4 de septiembre a las 12.00 horas y el domingo 7 de septiembre a las 12.00 horas, pasado dicha fecha no se aceptar\u00e1n inscripciones.<\/p>\n<p style=\"font-size: 1.1em;\">Todos los participantes estar\u00e1n en la p\u00e1gina web de la FANJYDA el lunes 8 de septiembre.<\/p>\n<h3 style=\"font-family: 'Playfair Display', serif; font-size: 1.7em; color: #27ae60; margin-top: 20px;\">10. DOCUMENTACI\u00d3N<\/h3>\n<ul style=\"font-size: 1.1em; padding-left: 20px;\">\n<li>Carnet de grados.<\/li>\n<li>Los inscritos deben estar en posesi\u00f3n de Licencia Deportiva en Vigor 2025\/2026.<\/li>\n<li>Autorizaci\u00f3n paterna.<\/li>\n<\/ul>\n<h3 style=\"font-family: 'Playfair Display', serif; font-size: 1.7em; color: #27ae60; margin-top: 20px;\">11. NOTA IMPORTANTE<\/h3>\n<p style=\"font-size: 1.1em;\">Al comienzo del entrenamiento se pasar\u00e1 lista de los participantes, todo participante que no est\u00e9 inscrito no podr\u00e1 participar en el entrenamiento.<\/p>\n<p style=\"font-size: 1.1em;\">Todos los participantes, entrenadores o tutores aceptan las normas de esta concentraci\u00f3n con \u00e9l envi\u00f3 de su inscripci\u00f3n.<\/p>\n<h3 style=\"font-family: 'Playfair Display', serif; font-size: 1.7em; color: #27ae60; margin-top: 20px;\">ADJUNTO<\/h3>\n<p style=\"font-size: 1.1em;\"><a href=\"https:\/\/www.fanjyda.es\/wp-content\/uploads\/2025\/08\/AUTORIZACION-A-LA-CONCENTRACIO-EQUIPOS-ANDALUCES-INFANTILES-CADETES-JUNIOR-Y-SENIOR.doc\">AUTORIZACION A LA CONCENTRACI\u00d3 EQUIPOS ANDALUCES INFANTILES, CADETES, JUNIOR Y SENIOR<\/a><\/p>\n<\/div>","excerpt":"","slug":"concentracion-equipos-andaluces-infantiles-cadetes-junior-y-senior-el-bosque","image":{"url":"https:\/\/www.fanjyda.es\/wp-content\/uploads\/2025\/08\/PHOTO-2025-08-08-11-58-50-e1754909520737.jpg","id":7703,"extension":"jpg","width":320,"height":400,"filesize":29904,"sizes":{"medium":{"width":240,"height":300,"mime-type":"image\/jpeg","filesize":18387,"url":"https:\/\/www.fanjyda.es\/wp-content\/uploads\/2025\/08\/PHOTO-2025-08-08-11-58-50-240x300.jpg"},"large":{"width":819,"height":1024,"mime-type":"image\/jpeg","filesize":124454,"url":"https:\/\/www.fanjyda.es\/wp-content\/uploads\/2025\/08\/PHOTO-2025-08-08-11-58-50-819x1024.jpg"},"thumbnail":{"width":150,"height":150,"mime-type":"image\/jpeg","filesize":7580,"url":"https:\/\/www.fanjyda.es\/wp-content\/uploads\/2025\/08\/PHOTO-2025-08-08-11-58-50-150x150.jpg"},"medium_large":{"width":768,"height":960,"mime-type":"image\/jpeg","filesize":111691,"url":"https:\/\/www.fanjyda.es\/wp-content\/uploads\/2025\/08\/PHOTO-2025-08-08-11-58-50-768x960.jpg"},"et-pb-post-main-image":{"width":400,"height":250,"mime-type":"image\/jpeg","filesize":22172,"url":"https:\/\/www.fanjyda.es\/wp-content\/uploads\/2025\/08\/PHOTO-2025-08-08-11-58-50-400x250.jpg"},"et-pb-post-main-image-fullwidth":{"width":1080,"height":675,"mime-type":"image\/jpeg","filesize":96437,"url":"https:\/\/www.fanjyda.es\/wp-content\/uploads\/2025\/08\/PHOTO-2025-08-08-11-58-50-1080x675.jpg"},"et-pb-portfolio-image":{"width":400,"height":284,"mime-type":"image\/jpeg","filesize":24398,"url":"https:\/\/www.fanjyda.es\/wp-content\/uploads\/2025\/08\/PHOTO-2025-08-08-11-58-50-400x284.jpg"},"et-pb-portfolio-module-image":{"width":510,"height":382,"mime-type":"image\/jpeg","filesize":35717,"url":"https:\/\/www.fanjyda.es\/wp-content\/uploads\/2025\/08\/PHOTO-2025-08-08-11-58-50-510x382.jpg"},"et-pb-gallery-module-image-portrait":{"width":400,"height":516,"mime-type":"image\/jpeg","filesize":42718,"url":"https:\/\/www.fanjyda.es\/wp-content\/uploads\/2025\/08\/PHOTO-2025-08-08-11-58-50-400x516.jpg"},"et-pb-image--responsive--tablet":{"width":980,"height":1225,"mime-type":"image\/jpeg","filesize":161536,"url":"https:\/\/www.fanjyda.es\/wp-content\/uploads\/2025\/08\/PHOTO-2025-08-08-11-58-50-980x1225.jpg"},"et-pb-image--responsive--phone":{"width":480,"height":600,"mime-type":"image\/jpeg","filesize":54558,"url":"https:\/\/www.fanjyda.es\/wp-content\/uploads\/2025\/08\/PHOTO-2025-08-08-11-58-50-480x600.jpg"}}},"all_day":true,"start_date":"2025-09-12 00:00:00","start_date_details":{"year":"2025","month":"09","day":"12","hour":"00","minutes":"00","seconds":"00"},"end_date":"2025-09-14 23:59:59","end_date_details":{"year":"2025","month":"09","day":"14","hour":"23","minutes":"59","seconds":"59"},"utc_start_date":"2025-09-11 22:00:00","utc_start_date_details":{"year":"2025","month":"09","day":"11","hour":"22","minutes":"00","seconds":"00"},"utc_end_date":"2025-09-14 21:59:59","utc_end_date_details":{"year":"2025","month":"09","day":"14","hour":"21","minutes":"59","seconds":"59"},"timezone":"Europe\/Madrid","timezone_abbr":"CEST","cost":"","cost_details":{"currency_symbol":"","currency_code":"","currency_position":"prefix","values":[]},"website":"","show_map":true,"show_map_link":true,"hide_from_listings":false,"sticky":false,"featured":false,"categories":[{"name":"Judo","slug":"judo","term_group":0,"term_taxonomy_id":12,"taxonomy":"tribe_events_cat","description":"","parent":0,"count":292,"filter":"raw","id":12,"urls":{"self":"https:\/\/www.fanjyda.es\/index.php?rest_route=\/tribe\/events\/v1\/categories\/12","collection":"https:\/\/www.fanjyda.es\/index.php?rest_route=\/tribe\/events\/v1\/categories"}}],"tags":[],"venue":{"id":931,"author":"1","status":"publish","date":"2019-09-20 20:14:00","date_utc":"2019-09-20 18:14:00","modified":"2025-08-11 13:11:40","modified_utc":"2025-08-11 11:11:40","url":"https:\/\/www.fanjyda.es\/?tribe_venue=pabellon-municipal-de-el-bosque-cadiz-4","venue":"Pabell\u00f3n Municipal de El Bosque (C\u00e1diz)","slug":"pabellon-municipal-de-el-bosque-cadiz-4","address":"Av Diputacion, 25, 26, 11670 El Bosque, C\u00e1diz","city":"El Bosque","country":"Spain","province":"C\u00e1diz","state":"CA","zip":"11670","stateprovince":"C\u00e1diz","json_ld":{"@type":"Place","name":"Pabell\u00f3n Municipal de El Bosque (C\u00e1diz)","description":"","url":"","address":{"@type":"PostalAddress","streetAddress":"Av Diputacion, 25, 26, 11670 El Bosque, C\u00e1diz","addressLocality":"El Bosque","addressRegion":"C\u00e1diz","postalCode":"11670","addressCountry":"Spain"},"telephone":"","sameAs":""},"show_map":true,"show_map_link":true,"global_id":"www.fanjyda.es?id=931","global_id_lineage":["www.fanjyda.es?id=931"]},"organizer":[],"custom_fields":[],"json_ld":{"@context":"http:\/\/schema.org","@type":"Event","name":"CONCENTRACI\u00d3N EQUIPOS ANDALUCES INFANTILES, CADETES, JUNIOR Y SENIOR &#8211; EL BOSQUE","description":"&lt;p&gt;1. ORGANIZA Federaci\u00f3n Andaluza de Judo C\/ Ra\u00fal Calvo 4, Bajo Derecha. 11009 C\u00e1diz (Espa\u00f1a) Tel.: +34 956 079 891; +34 652 807 271 || Fax: +34 956 079 892 [&hellip;]&lt;\/p&gt;\\n","image":"https:\/\/www.fanjyda.es\/wp-content\/uploads\/2025\/08\/PHOTO-2025-08-08-11-58-50-e1754909520737.jpg","url":"https:\/\/www.fanjyda.es\/?tribe_events=concentracion-equipos-andaluces-infantiles-cadetes-junior-y-senior-el-bosque","eventAttendanceMode":"https:\/\/schema.org\/OfflineEventAttendanceMode","eventStatus":"https:\/\/schema.org\/EventScheduled","startDate":"2025-09-12T00:00:00+02:00","endDate":"2025-09-14T23:59:59+02:00","location":{"@type":"Place","name":"Pabell\u00f3n Municipal de El Bosque (C\u00e1diz)","description":"","url":"","address":{"@type":"PostalAddress","streetAddress":"Av Diputacion, 25, 26, 11670 El Bosque, C\u00e1diz","addressLocality":"El Bosque","addressRegion":"C\u00e1diz","postalCode":"11670","addressCountry":"Spain"},"telephone":"","sameAs":""},"performer":"Organization"}}