{"id":9028,"global_id":"www.fanjyda.es?id=9028","global_id_lineage":["www.fanjyda.es?id=9028"],"author":"1","status":"publish","date":"2026-02-25 21:28:00","date_utc":"2026-02-25 20:28:00","modified":"2026-03-13 10:47:52","modified_utc":"2026-03-13 09:47:52","url":"https:\/\/www.fanjyda.es\/?tribe_events=curso-preparatorio-de-kata-y-formacion-1o-a-5o-dan-cadiz-15-de-marzo-granada-28-de-marzo","rest_url":"https:\/\/www.fanjyda.es\/index.php?rest_route=\/tribe\/events\/v1\/events\/9028","title":"Curso Preparatorio de Kata y Formaci\u00f3n 1\u00ba a 5\u00ba Dan C\u00e1diz (15 de Marzo) \/ Granada (28 de Marzo)","description":"<div style=\"width: 95%; max-width: 1200px; margin: 0 auto; padding: 30px; background-color: #ffffff; box-shadow: 0 4px 15px rgba(0, 0, 0, 0.1); font-family: 'Segoe UI', Arial, sans-serif; color: #333; border-top: 5px solid #27ae60;\">\n<h3 style=\"color: #27ae60; text-align: center; text-transform: uppercase; font-family: 'Playfair Display', serif; font-size: 1.8em; margin-bottom: 5px;\">Curso Preparatorio de Kata y Formaci\u00f3n 1\u00ba a 5\u00ba Dan<\/h3>\n<p style=\"text-align: center; font-weight: bold; text-transform: uppercase; color: #555;\">C\u00e1diz (15 de Marzo) \/ Granada (28 de Marzo) &#8211; Temporada 25\/26<\/p>\n<div style=\"border: 1px solid #27ae60; background-color: #e8f8f5; padding: 15px; margin-bottom: 20px;\">\n<h4 style=\"color: #27ae60; border-bottom: 2px solid #eee; padding-bottom: 5px; text-transform: uppercase;\">\ud83e\udd4b CURSOS DE FORMACI\u00d3N 1\u00ba a 5\u00ba DAN<\/h4>\n<p>La Federaci\u00f3n Andaluza de Judo y D.A., a trav\u00e9s de su Escuela Federativa (EFAN), convoca los cursos de formaci\u00f3n para la obtenci\u00f3n de los grados de 1\u00ba a 5\u00ba dan de judo.<\/p>\n<\/div>\n<h4 style=\"color: #27ae60; border-bottom: 2px solid #eee; padding-bottom: 5px; text-transform: uppercase;\">\ud83d\udcda Estructura y Horas de Formaci\u00f3n<\/h4>\n<ul style=\"list-style-type: none; padding: 0;\">\n<li style=\"margin-bottom: 10px;\"><strong>1\u00ba Dan:<\/strong> bloque kata, 6 horas. Obligatoria la realizaci\u00f3n de las 6 horas para optar al examen de dicho bloque. Curso 1 (3h sesi\u00f3n de ma\u00f1ana) y Curso 2 (3h sesi\u00f3n de tarde).<\/li>\n<li style=\"margin-bottom: 10px;\"><strong>2\u00ba y 3\u00ba Dan:<\/strong> bloque kata, 8 horas. Obligatoria la realizaci\u00f3n de las 8 horas para optar al examen de dicho bloque. Curso 1 (4h sesi\u00f3n de ma\u00f1ana) y Curso 2 (4h sesi\u00f3n de tarde).<\/li>\n<li style=\"margin-bottom: 10px; font-style: italic;\">A los aspirantes a 3\u00ba Dan le faltar\u00edan dos horas de formaci\u00f3n que las completar\u00e1n el d\u00eda del examen de dicho bloque.<\/li>\n<li style=\"margin-bottom: 10px;\"><strong>4\u00ba y 5\u00ba Dan:<\/strong> bloque nage waza, katame waza y kata, 8 horas. Curso 1 (4h sesi\u00f3n de ma\u00f1ana) y Curso 2 (4h sesi\u00f3n de tarde).<\/li>\n<li style=\"margin-bottom: 10px; color: #27ae60;\">Los aspirantes a 4\u00ba y 5\u00ba Dan que completen las 24 horas de formaci\u00f3n en este curso pueden realizar el examen del bloque de katame waza. (SOLICITANDOLO POR EMAIL A <span style=\"text-decoration: underline;\">administracion@fanjyda.com<\/span>)<\/li>\n<\/ul>\n<p style=\"text-align: center; font-weight: bold; text-transform: uppercase; color: #555;\"><a style=\"color: #27ae60; text-decoration: none; font-weight: bold;\" href=\"https:\/\/www.fanjyda.es\/wp-content\/uploads\/2025\/10\/2_GUIA-TECNICA-AULA-DE-FORMACION-PERMANENTE-FANJYDA-TEMPORADA-25-26.pdf\" target=\"_blank\" rel=\"noopener\">GU\u00cdA T\u00c9CNICA AULA DE FORMACI\u00d3N PERMANENTE CINTOS NEGROS DE JUDO TEMPORADA 25\/26<\/a><\/p>\n<h4 style=\"color: #27ae60; border-bottom: 2px solid #eee; padding-bottom: 5px; text-transform: uppercase;\">\u23f0 HORARIOS<\/h4>\n<ul style=\"list-style-type: none; padding: 0;\">\n<li><strong>Curso 1 sesi\u00f3n de ma\u00f1ana:<\/strong> 1\u00ba Dan de 10.00h a 13.00h \/ 2\u00ba a 5\u00ba Dan de 10.00h a 14.00h.<\/li>\n<li><strong>Curso 2 sesi\u00f3n de tarde:<\/strong> 1\u00ba Dan de 16.00 a 19.00 h \/ 2\u00ba a 5\u00ba Dan de 16.00h a 20.00h.<\/li>\n<\/ul>\n<h4 style=\"color: #27ae60; border-bottom: 2px solid #eee; padding-bottom: 5px; text-transform: uppercase;\">\ud83d\udccd LUGAR Y FECHAS<\/h4>\n<div style=\"display: flex; flex-wrap: wrap; gap: 20px; margin-bottom: 20px;\">\n<div style=\"flex: 1; min-width: 280px; border: 1px solid #ddd; padding: 15px;\">\n<p><strong>Sector occidental<\/strong> (Huelva, C\u00e1diz, C\u00f3rdoba y Sevilla):<br \/>\n<strong>Domingo 15 de marzo.<\/strong><br \/>\nComplejo Deportivo Ciudad de C\u00e1diz, Avda. Periodista Beatriz Cienfuegos s\/n, 11011-C\u00e1diz.<\/p>\n<\/div>\n<div style=\"flex: 1; min-width: 280px; border: 1px solid #ddd; padding: 15px;\">\n<p><strong>Sector oriental<\/strong> (Almer\u00eda, Granada, Ja\u00e9n y M\u00e1laga):<br \/>\n<strong>S\u00e1bado 28 de marzo de 2026.<\/strong><br \/>\nPabell\u00f3n Multifuncional de H\u00edjar. c\/ Islas Baleares s\/n, 18110 H\u00edjar, Granada.<\/p>\n<\/div>\n<\/div>\n<p style=\"font-style: italic;\">Los alumnos deben realizar el curso y el examen en su sector, salvo por razones debidamente justificadas.<\/p>\n<h4 style=\"color: #27ae60; border-bottom: 2px solid #eee; padding-bottom: 5px; text-transform: uppercase;\">\ud83d\udcdd INSCRIPCIONES<\/h4>\n<p>Las inscripciones se realizar\u00e1n directamente a la FANJYDA antes del pr\u00f3ximo <span style=\"color: #c0392b; font-weight: bold;\">10 de marzo de 2026<\/span>.<\/p>\n<p>El proceso de inscripci\u00f3n lo realizar\u00e1 el club mediante el <strong>Programa de Gesti\u00f3n Federativa<\/strong>, plataforma en la que se deber\u00e1 completar la documentaci\u00f3n requerida y se generar\u00e1 la carta de pago correspondiente. En caso de no haber suficientes inscripciones, se estudiar\u00e1 unificar sectores.<\/p>\n<h4 style=\"color: #27ae60; border-bottom: 2px solid #eee; padding-bottom: 5px; text-transform: uppercase;\">\ud83d\udc69\u200d\ud83c\udfeb PROFESORADO<\/h4>\n<table style=\"width: 100%; border-collapse: collapse; text-align: center; margin-bottom: 20px;\">\n<thead>\n<tr style=\"background-color: #333; color: white;\">\n<th style=\"padding: 10px; border: 1px solid #ddd;\"><span style=\"color: #ffffff;\">GRADO<\/span><\/th>\n<th style=\"padding: 10px; border: 1px solid #ddd;\"><span style=\"color: #ffffff;\">SECTOR OCCIDENTAL<\/span><\/th>\n<th style=\"padding: 10px; border: 1px solid #ddd;\"><span style=\"color: #ffffff;\">SECTOR ORIENTAL<\/span><\/th>\n<\/tr>\n<\/thead>\n<tbody>\n<tr>\n<td style=\"padding: 10px; border: 1px solid #ddd;\"><strong>1\u00ba Dan<\/strong><\/td>\n<td style=\"padding: 10px; border: 1px solid #ddd;\">D. Daniel Castillo y D. Santiago Mazar\u00edo<\/td>\n<td style=\"padding: 10px; border: 1px solid #ddd;\">D. Salvador Callejas y D. Jorge G\u00f3mez<\/td>\n<\/tr>\n<tr style=\"background-color: #f9f9f9;\">\n<td style=\"padding: 10px; border: 1px solid #ddd;\"><strong>2\u00ba Dan<\/strong><\/td>\n<td style=\"padding: 10px; border: 1px solid #ddd;\">D. Abel Romalde Merlo<\/td>\n<td style=\"padding: 10px; border: 1px solid #ddd;\">D. Antonio de la Llave Soria<\/td>\n<\/tr>\n<tr>\n<td style=\"padding: 10px; border: 1px solid #ddd;\"><strong>3\u00ba Dan<\/strong><\/td>\n<td style=\"padding: 10px; border: 1px solid #ddd;\">D. Encarnaci\u00f3n Cabrerizo Lorence<\/td>\n<td style=\"padding: 10px; border: 1px solid #ddd;\">D. Antonio J. Mart\u00ednez Molina<\/td>\n<\/tr>\n<tr style=\"background-color: #f9f9f9;\">\n<td style=\"padding: 10px; border: 1px solid #ddd;\"><strong>4\u00ba y 5\u00ba Dan<\/strong><\/td>\n<td style=\"padding: 10px; border: 1px solid #ddd;\">D. Francisco Mart\u00edn M\u00e1rquez<\/td>\n<td style=\"padding: 10px; border: 1px solid #ddd;\">D. Juan Jos\u00e9 Cort\u00e9s y Jean Dressayre<\/td>\n<\/tr>\n<tr>\n<td style=\"padding: 10px; border: 1px solid #ddd;\"><strong>Coordinador<\/strong><\/td>\n<td style=\"padding: 10px; border: 1px solid #ddd;\">D. Abel Romalde Merlo<\/td>\n<td style=\"padding: 10px; border: 1px solid #ddd;\">D. Salvador Callejas Delgado<\/td>\n<\/tr>\n<\/tbody>\n<\/table>\n<h4 style=\"color: #27ae60; border-bottom: 2px solid #eee; padding-bottom: 5px; text-transform: uppercase;\">\u2714\ufe0f CRITERIOS DE EVALUACI\u00d3N Y CONTENIDOS<\/h4>\n<p>La evaluaci\u00f3n se realizar\u00e1 conforme a los indicadores de competencia y resultados de aprendizaje de los nuevos programas. Los contenidos se basan en el nuevo programa de la Escuela Federativa Nacional para la promoci\u00f3n de 1\u00ba a 5\u00ba DAN, tomando como referencia las directrices del <strong>Kodokan<\/strong> y de la <strong>IJF<\/strong>.<\/p>\n<p style=\"background-color: #f9f9f9; padding: 10px; border: 1px dashed #27ae60;\">\ud83d\udcd6<a style=\"color: #27ae60; text-decoration: none; font-weight: bold;\" href=\"https:\/\/www.fanjyda.es\/wp-content\/uploads\/2026\/02\/Programa-cinto-negro-1o-a-6o-Dan-de-Judo-1.pdf\" target=\"_blank\" rel=\"noopener\">PROGRAMAS DE 1\u00ba A 6\u00ba DAN<\/a><br \/>\n\ud83d\udcd6 <a href=\"https:\/\/www.fanjyda.es\/wp-content\/uploads\/2026\/02\/3.-FUNDAMENTOS-KIHON-2026-1.pdf\" target=\"_blank\" rel=\"noopener\">FUNDAMENTOS KIHON 2026<\/a><\/p>\n<h4 style=\"color: #27ae60; border-bottom: 2px solid #eee; padding-bottom: 5px; text-transform: uppercase;\">\u267f<a style=\"color: #27ae60; text-decoration: none; font-weight: bold;\" href=\"https:\/\/www.fanjyda.es\/wp-content\/uploads\/2025\/10\/PROTOCOLO-DEPORTE-ADAPTADO-E-INTEGRACION-SOCIAL-aplicable-en-los-Examenes-de-Paso-de-Grado.pdf\" target=\"_blank\" rel=\"noopener\">PROTOCOLO DEPORTE ADAPTADO E INTEGRACI\u00d3N SOCIAL<\/a><\/h4>\n<p>Se integran los principios de normalizaci\u00f3n, atenci\u00f3n a la diversidad y no discriminaci\u00f3n. Para federados con necesidades educativas adaptadas, se aplicar\u00e1 el protocolo espec\u00edfico de actuaci\u00f3n de la FANJYDA.<\/p>\n<div style=\"border: 2px solid #c0392b; background-color: #fff5f5; color: #c0392b; padding: 15px; margin: 20px 0;\">\n<h4 style=\"color: #c0392b; margin-top: 0; text-transform: uppercase;\">\u26a0\ufe0f PLAZAS LIMITADAS<\/h4>\n<p>Plazas limitadas, admisi\u00f3n por riguroso orden de llegada. Los listados se publicar\u00e1n en <strong>www.fanjyda.com<\/strong>.<\/p>\n<\/div>\n<h4 style=\"color: #27ae60; border-bottom: 2px solid #eee; padding-bottom: 5px; text-transform: uppercase;\">\ud83d\udcb2 COSTES Y PAGOS<\/h4>\n<ul style=\"list-style-type: none; padding: 0;\">\n<li><strong>40\u20ac<\/strong> para 1\u00ba DAN (coste total cursos 1 y 2)<\/li>\n<li><strong>50\u20ac<\/strong> para 2\u00ba DAN<\/li>\n<li><strong>60\u20ac<\/strong> para 3\u00ba, 4\u00ba y 5\u00ba DAN<\/li>\n<\/ul>\n<div style=\"background-color: #e8f8f5; padding: 15px; border: 1px solid #27ae60; font-size: 0.9em;\">\n<p><strong>JUSTIFICANTE DE INGRESO OBLIGATORIO:<\/strong><br \/>\nCAIXABANK: ES90 2100 8726 8413 0016 9267<br \/>\nCAJA RURAL GRANADA: ES64 3023 0600 5670 3965 0408<br \/>\nUNICAJA: ES03 2103 4059 3100 3001 0980<\/p>\n<\/div>\n<h4 style=\"color: #27ae60; border-bottom: 2px solid #eee; padding-bottom: 5px; text-transform: uppercase;\">\ud83d\udd14 RECORDATORIO<\/h4>\n<ul style=\"padding-left: 20px;\">\n<li style=\"list-style-type: none;\">\n<ul style=\"padding-left: 20px;\">\n<li>Presentar f\u00edsicamente <strong>DNI y <span style=\"color: #0000ff;\">RPCN DEL AULA DE FORMACION<\/span><\/strong>.<\/li>\n<li>Vestir <strong>judogi blanco<\/strong>.<\/li>\n<li>Mujeres: camiseta blanca lisa bajo la chaqueta.<\/li>\n<li>Pelo largo recogido con gomillas sin material duro.<\/li>\n<li>La modalidad de examen otorga reducci\u00f3n de un a\u00f1o en tiempo de permanencia.<\/li>\n<\/ul>\n<\/li>\n<\/ul>\n<p><a style=\"color: #27ae60; text-decoration: none; font-weight: bold;\" href=\"https:\/\/www.fanjyda.es\/wp-content\/uploads\/2025\/10\/AUTORIZCION-DE-MENORES-PARA-LA-TEMPORADA-25_26.doc\" target=\"_blank\" rel=\"noopener\">AUTORIZACION-PATERNA-PARA-MENORES<\/a><\/p>\n<p style=\"font-weight: bold; margin-top: 40px;\">Saludos cordiales, Direcci\u00f3n de la EFAN<\/p>\n<\/div>","excerpt":"","slug":"curso-preparatorio-de-kata-y-formacion-1o-a-5o-dan-cadiz-15-de-marzo-granada-28-de-marzo","image":{"url":"https:\/\/www.fanjyda.es\/wp-content\/uploads\/2019\/10\/katas.jpg","id":1352,"extension":"jpg","width":3520,"height":2347,"sizes":{"thumbnail":{"width":150,"height":150,"mime-type":"image\/jpeg","url":"https:\/\/www.fanjyda.es\/wp-content\/uploads\/2019\/10\/katas-150x150.jpg"},"medium":{"width":300,"height":200,"mime-type":"image\/jpeg","url":"https:\/\/www.fanjyda.es\/wp-content\/uploads\/2019\/10\/katas-300x200.jpg"},"medium_large":{"width":768,"height":512,"mime-type":"image\/jpeg","url":"https:\/\/www.fanjyda.es\/wp-content\/uploads\/2019\/10\/katas-768x512.jpg"},"large":{"width":1024,"height":683,"mime-type":"image\/jpeg","url":"https:\/\/www.fanjyda.es\/wp-content\/uploads\/2019\/10\/katas-1024x683.jpg"},"et-pb-post-main-image":{"width":400,"height":250,"mime-type":"image\/jpeg","url":"https:\/\/www.fanjyda.es\/wp-content\/uploads\/2019\/10\/katas-400x250.jpg"},"et-pb-post-main-image-fullwidth":{"width":1080,"height":675,"mime-type":"image\/jpeg","url":"https:\/\/www.fanjyda.es\/wp-content\/uploads\/2019\/10\/katas-1080x675.jpg"},"et-pb-portfolio-image":{"width":400,"height":284,"mime-type":"image\/jpeg","url":"https:\/\/www.fanjyda.es\/wp-content\/uploads\/2019\/10\/katas-400x284.jpg"},"et-pb-portfolio-module-image":{"width":510,"height":382,"mime-type":"image\/jpeg","url":"https:\/\/www.fanjyda.es\/wp-content\/uploads\/2019\/10\/katas-510x382.jpg"},"et-pb-portfolio-image-single":{"width":1080,"height":720,"mime-type":"image\/jpeg","url":"https:\/\/www.fanjyda.es\/wp-content\/uploads\/2019\/10\/katas-1080x720.jpg"},"et-pb-gallery-module-image-portrait":{"width":400,"height":516,"mime-type":"image\/jpeg","url":"https:\/\/www.fanjyda.es\/wp-content\/uploads\/2019\/10\/katas-400x516.jpg"},"et-pb-post-main-image-fullwidth-large":{"width":2880,"height":1800,"mime-type":"image\/jpeg","url":"https:\/\/www.fanjyda.es\/wp-content\/uploads\/2019\/10\/katas-2880x1800.jpg"},"et-pb-image--responsive--desktop":{"width":1280,"height":853,"mime-type":"image\/jpeg","url":"https:\/\/www.fanjyda.es\/wp-content\/uploads\/2019\/10\/katas-1280x853.jpg"},"et-pb-image--responsive--tablet":{"width":980,"height":653,"mime-type":"image\/jpeg","url":"https:\/\/www.fanjyda.es\/wp-content\/uploads\/2019\/10\/katas-980x653.jpg"},"et-pb-image--responsive--phone":{"width":480,"height":320,"mime-type":"image\/jpeg","url":"https:\/\/www.fanjyda.es\/wp-content\/uploads\/2019\/10\/katas-480x320.jpg"}}},"all_day":true,"start_date":"2026-03-15 00:00:00","start_date_details":{"year":"2026","month":"03","day":"15","hour":"00","minutes":"00","seconds":"00"},"end_date":"2026-03-28 23:59:59","end_date_details":{"year":"2026","month":"03","day":"28","hour":"23","minutes":"59","seconds":"59"},"utc_start_date":"2026-03-14 23:00:00","utc_start_date_details":{"year":"2026","month":"03","day":"14","hour":"23","minutes":"00","seconds":"00"},"utc_end_date":"2026-03-28 22:59:59","utc_end_date_details":{"year":"2026","month":"03","day":"28","hour":"22","minutes":"59","seconds":"59"},"timezone":"Europe\/Madrid","timezone_abbr":"CET","cost":"","cost_details":{"currency_symbol":"","currency_code":"","currency_position":"prefix","values":[]},"website":"","show_map":false,"show_map_link":false,"hide_from_listings":false,"sticky":true,"featured":true,"categories":[{"name":"Escuela","slug":"efan","term_group":0,"term_taxonomy_id":23,"taxonomy":"tribe_events_cat","description":"","parent":0,"count":106,"filter":"raw","id":23,"urls":{"self":"https:\/\/www.fanjyda.es\/index.php?rest_route=\/tribe\/events\/v1\/categories\/23","collection":"https:\/\/www.fanjyda.es\/index.php?rest_route=\/tribe\/events\/v1\/categories"}},{"name":"Judo","slug":"judo","term_group":0,"term_taxonomy_id":12,"taxonomy":"tribe_events_cat","description":"","parent":0,"count":292,"filter":"raw","id":12,"urls":{"self":"https:\/\/www.fanjyda.es\/index.php?rest_route=\/tribe\/events\/v1\/categories\/12","collection":"https:\/\/www.fanjyda.es\/index.php?rest_route=\/tribe\/events\/v1\/categories"}}],"tags":[],"venue":[],"organizer":[],"custom_fields":[],"json_ld":{"@context":"http:\/\/schema.org","@type":"Event","name":"Curso Preparatorio de Kata y Formaci\u00f3n 1\u00ba a 5\u00ba Dan C\u00e1diz (15 de Marzo) \/ Granada (28 de Marzo)","description":"&lt;p&gt;Curso Preparatorio de Kata y Formaci\u00f3n 1\u00ba a 5\u00ba Dan C\u00e1diz (15 de Marzo) \/ Granada (28 de Marzo) - Temporada 25\/26 \ud83e\udd4b CURSOS DE FORMACI\u00d3N 1\u00ba a 5\u00ba DAN [&hellip;]&lt;\/p&gt;\\n","image":"https:\/\/www.fanjyda.es\/wp-content\/uploads\/2019\/10\/katas.jpg","url":"https:\/\/www.fanjyda.es\/?tribe_events=curso-preparatorio-de-kata-y-formacion-1o-a-5o-dan-cadiz-15-de-marzo-granada-28-de-marzo","eventAttendanceMode":"https:\/\/schema.org\/OfflineEventAttendanceMode","eventStatus":"https:\/\/schema.org\/EventScheduled","startDate":"2026-03-15T00:00:00+01:00","endDate":"2026-03-28T23:59:59+01:00","performer":"Organization"}}