{"id":9546,"global_id":"www.fanjyda.es?id=9546","global_id_lineage":["www.fanjyda.es?id=9546"],"author":"1","status":"publish","date":"2026-09-02 09:53:05","date_utc":"2026-09-02 07:53:05","modified":"2026-09-02 12:22:22","modified_utc":"2026-09-02 10:22:22","url":"https:\/\/www.fanjyda.es\/?tribe_events=53-edicion-memorial-raul-calvo-xxxvi-trofeo-presidente-carlos-calvo-chozas","rest_url":"https:\/\/www.fanjyda.es\/index.php?rest_route=\/tribe\/events\/v1\/events\/9546","title":"53 EDICI\u00d3N MEMORIAL \u00abRA\u00daL CALVO\u00bb &#8211; XXXVI TROFEO PRESIDENTE CARLOS CALVO CHOZAS","description":"<div style=\"width: 95%; max-width: 1200px; margin: 0 auto; padding: 30px; background-color: #ffffff; box-shadow: 0 4px 15px rgba(0, 0, 0, 0.1); font-family: 'Segoe UI', Arial, sans-serif; color: #333; border-top: 5px solid #27ae60; box-sizing: border-box;\">\n<p style=\"font-size: 1.0em; text-align: right; color: #7f8c8d; margin-top: 0;\">C\u00e1diz, 2 de septiembre de 2026<\/p>\n<h3 style=\"color: #27ae60; text-align: center; text-transform: uppercase; font-family: 'Playfair Display', serif; font-size: 1.8em; margin-bottom: 5px;\">53 EDICI\u00d3N MEMORIAL \u00abRA\u00daL CALVO\u00bb<\/h3>\n<p style=\"text-align: center; font-weight: bold; text-transform: uppercase; color: #555; margin-top: 0; font-size: 1.1em;\">XXXVI TROFEO PRESIDENTE CARLOS CALVO CHOZAS<\/p>\n<p style=\"text-align: center; color: #7f8c8d; font-size: 0.95em; text-transform: uppercase; margin-bottom: 30px;\">17 DE OCTUBRE DE 2026 | C\u00c1DIZ (ESPA\u00d1A)<\/p>\n<p><!-- HISTORIA DE LA COMPETICI\u00d3N --><\/p>\n<div style=\"background-color: #f9f9f9; border-left: 5px solid #27ae60; padding: 20px; border-radius: 4px; margin-bottom: 30px;\">\n<h4 style=\"color: #27ae60; margin-top: 0; text-transform: uppercase; border-bottom: 1px solid #c8e6c9; padding-bottom: 5px;\">Historia de la Competici\u00f3n<\/h4>\n<p style=\"font-size: 0.95em; line-height: 1.6; text-align: justify; margin-bottom: 10px;\">Este Torneo Internacional rinde tributo a <strong>Ra\u00fal Calvo Clavero<\/strong>, judoca gaditano que falleci\u00f3 el 5 de noviembre de 1971 en un desafortunado accidente deportivo en Madrid (Espa\u00f1a). Miembro de Equipo Nacional Espa\u00f1ol, contando con un asombroso palmar\u00e9s deportivo para sus reci\u00e9n cumplidos 20 a\u00f1os.<\/p>\n<p style=\"font-size: 0.95em; line-height: 1.6; text-align: justify; margin-bottom: 10px;\">El Consejo Superior de Deportes y la Federaci\u00f3n Nacional de Judo, aparte de otras distinciones, deciden perpetuar su memoria creando el CAMPEONATO INTERNACIONAL DE ESPA\u00d1A JUNIOR, que llevar\u00eda su nombre y estableciendo como l\u00edmite la edad que ten\u00eda Ra\u00fal Calvo al sufrir el accidente.<\/p>\n<p style=\"font-size: 0.95em; line-height: 1.6; text-align: justify; margin-bottom: 10px;\">El Memorial Ra\u00fal Calvo recibe la categor\u00eda en 1976 de Campeonato Mundial y en 1984 la categor\u00eda de Campeonato de Europa. En este Torneo han tomado parte Campeones de Europa, Mundiales y Ol\u00edmpicos.<\/p>\n<p style=\"font-size: 0.95em; line-height: 1.6; text-align: justify; margin-bottom: 10px;\">Unos d\u00edas antes de la celebraci\u00f3n de nuestra XVIII Edici\u00f3n, falleci\u00f3 nuestro querido presidente <strong>Carlos Calvo Chozas<\/strong> a la edad de 82 a\u00f1os, que hab\u00eda llevado la direcci\u00f3n de nuestra federaci\u00f3n desde el inicio de nuestro deporte en C\u00e1diz hasta su fallecimiento, durante un per\u00edodo de 25 a\u00f1os. Ya para esa edici\u00f3n y con car\u00e1cter definitivo se instituy\u00f3 el premio <em>Presidente Carlos Calvo Chozas<\/em> que se entrega al primer equipo clasificado y que consiste en un trofeo de plata maciza.<\/p>\n<p style=\"font-size: 0.95em; line-height: 1.6; text-align: justify; margin-bottom: 10px;\">As\u00ed bien, en este Torneo Internacional, se rinde un merecido homenaje al padre y al hijo que tanto dieron por nuestro querido Judo.<\/p>\n<p style=\"font-size: 0.95em; line-height: 1.6; text-align: justify; margin-bottom: 10px;\">El Memorial Ra\u00fal Calvo ha sido siempre reconocido y valorado por el gran n\u00famero de pa\u00edses que han participado en sus diversas ediciones, de ah\u00ed que este Campeonato haya adquirido desde sus primeras andaduras el t\u00edtulo de Campeonato Internacional de Espa\u00f1a, que es con el que hoy en d\u00eda es reconocido.<\/p>\n<p style=\"font-size: 0.9em; line-height: 1.6; color: #555; text-align: justify; margin-bottom: 0;\">A lo largo de sus 52 anteriores ediciones, y en esta, los pa\u00edses que han participado, muchos de ellos en diversas ocasiones han sido los siguientes: ALEMANIA FEDERAL, FINLANDIA, PANAMA, ARGELIA, FRANCIA, POLONIA, ARGENTINA, GRAN BRETA\u00d1A, PORTUGAL, AUSTRALIA, GRECIA, PUERTO RICO, AUSTRIA, GUINEA CONAKRY, R. D. ALEMANA, BELGICA, HOLANDA, REPUBLICA CHECA, BRASIL, HUNGRIA, REPUBLICA DE CHINA, BULGARIA, IRLANDA, RUMANIA, CANADA, ISRAEL, SUECIA, CHECOSLOVAQUIA, ITALIA, SUIZA, CHILE, JAPON, U.R.S.S., RUSIA, COREA, LIECHTENSTEIN, URUGUAY, ECUADOR, MEJICO, YUGOSLAVIA, ESPA\u00d1A, NORUEGA, ESTADOS UNIDOS, NUEVA ZELANDA.<\/p>\n<\/div>\n<p><!-- BLOQUES ORGANIZACI\u00d3N Y DIRECCI\u00d3N --><\/p>\n<div style=\"display: flex; flex-wrap: wrap; gap: 20px; margin-top: 20px;\">\n<div style=\"flex: 1; min-width: 300px;\">\n<p style=\"font-weight: bold; color: #27ae60; text-transform: uppercase; border-bottom: 2px solid #eee; padding-bottom: 5px;\">1. ORGANIZADORES<\/p>\n<p style=\"margin-bottom: 5px;\"><strong>Federaci\u00f3n Andaluza de Judo<\/strong><\/p>\n<p style=\"font-size: 0.95em; line-height: 1.5; color: #555;\">Avda. Ana de Viya n\u00ba 9. 11009 C\u00e1diz (Espa\u00f1a)<br \/>\nTel.: +34 956 079 891; +34 652 807 271<br \/>\nE-mail: <a style=\"color: #27ae60; text-decoration: none; font-weight: bold;\" href=\"mailto:administracion@fanjyda.com\">administracion@fanjyda.com<\/a><\/p>\n<p style=\"font-weight: bold; color: #27ae60; text-transform: uppercase; border-bottom: 2px solid #eee; padding-bottom: 5px; margin-top: 20px;\">2. COLABORADORES<\/p>\n<ul style=\"list-style-type: none; padding-left: 0; font-size: 0.95em; line-height: 1.6;\">\n<li>\u2022 Excmo. Ayuntamiento de C\u00e1diz<\/li>\n<li>\u2022 Consejer\u00eda de Educaci\u00f3n y Deporte de la Junta de Andaluc\u00eda<\/li>\n<li>\u2022 IMD C\u00e1diz<\/li>\n<li>\u2022 Diputaci\u00f3n Provincial de C\u00e1diz<\/li>\n<li>\u2022 Fuerzas Armadas Espa\u00f1olas<\/li>\n<li>\u2022 Real Federaci\u00f3n Espa\u00f1ola de Judo y D.A<\/li>\n<li>\u2022 Ippon Ra\u00fal Calvo<\/li>\n<li>\u2022 Clubes de la ciudad y la provincia<\/li>\n<\/ul>\n<\/div>\n<div style=\"flex: 1; min-width: 300px;\">\n<p style=\"font-weight: bold; color: #27ae60; text-transform: uppercase; border-bottom: 2px solid #eee; padding-bottom: 5px;\">3. DIRECCI\u00d3N T\u00c9CNICA<\/p>\n<ul style=\"font-size: 0.95em; line-height: 1.6; padding-left: 20px; margin-bottom: 20px;\">\n<li><strong>Delegaci\u00f3n Provincial:<\/strong> Manuel J. Padilla Tard\u00edo<\/li>\n<li><strong>Direcci\u00f3n de la Competici\u00f3n:<\/strong> Comit\u00e9 de competiciones y eventos<\/li>\n<li><strong>Responsable de Arbitraje:<\/strong> Comit\u00e9 de jueces y \u00e1rbitros<\/li>\n<\/ul>\n<p style=\"font-weight: bold; color: #27ae60; text-transform: uppercase; border-bottom: 2px solid #eee; padding-bottom: 5px;\">4. FECHA Y 5. LUGAR DE LA COMPETICI\u00d3N<\/p>\n<p style=\"font-size: 1.05em; font-weight: bold; margin-bottom: 5px;\">\ud83d\udcc5 17 de octubre 2026<\/p>\n<p style=\"font-size: 0.95em; margin-bottom: 0;\">\ud83d\udccd <strong>Complejo Deportivo Ciudad de C\u00e1diz<\/strong><br \/>\n<span style=\"color: #555;\">Av. Periodista Beatriz Cienfuegos, s\/n, 11011 C\u00e1diz (Espa\u00f1a)<\/span><\/p>\n<\/div>\n<\/div>\n<p><!-- FORMATO DE COMPETICI\u00d3N --><\/p>\n<h4 style=\"color: #27ae60; border-bottom: 2px solid #27ae60; padding-bottom: 5px; margin-top: 30px; text-transform: uppercase;\">INFORMACI\u00d3N DE LA COMPETICI\u00d3N<\/h4>\n<div style=\"display: flex; flex-wrap: wrap; gap: 20px; margin-top: 15px;\">\n<div style=\"flex: 1; min-width: 300px; background-color: #e8f8f5; border: 1px solid #27ae60; padding: 15px; border-radius: 5px;\">\n<p style=\"font-weight: bold; color: #27ae60; text-transform: uppercase; margin-top: 0; border-bottom: 1px solid #c8e6c9; padding-bottom: 5px;\">9. MODO DE COMPETICI\u00d3N<\/p>\n<ul style=\"font-size: 0.95em; line-height: 1.6; padding-left: 20px; margin-bottom: 0;\">\n<li><strong>Categor\u00eda:<\/strong> Absoluta por Equipos Mixtos.<\/li>\n<li><strong>Edades:<\/strong> Nacidos 2011 y anteriores.<\/li>\n<li><strong>Formato:<\/strong> Seg\u00fan n\u00famero de inscripciones.<\/li>\n<li><strong>N\u00famero de Tatamis:<\/strong> 3 o 4 (seg\u00fan n\u00famero de inscripciones).<\/li>\n<li><strong>Duraci\u00f3n del combate:<\/strong> 4 minutos.<\/li>\n<\/ul>\n<\/div>\n<div style=\"flex: 1; min-width: 300px; background-color: #e8f8f5; border: 1px solid #27ae60; padding: 15px; border-radius: 5px;\">\n<p style=\"font-weight: bold; color: #27ae60; text-transform: uppercase; margin-top: 0; border-bottom: 1px solid #c8e6c9; padding-bottom: 5px;\">8. EQUIPOS INVITADOS<\/p>\n<p style=\"font-size: 0.95em; line-height: 1.6; margin-bottom: 10px;\">Selecciones o Combinados Internacionales, Espa\u00f1a, Fuerzas Armadas y todas las Comunidades Aut\u00f3nomas.<\/p>\n<p style=\"font-size: 0.95em; line-height: 1.6; margin-bottom: 0;\">Confirmada ya la participaci\u00f3n de los equipos Nacionales de IJF, Portugal, Finlandia, Espa\u00f1a, Fuerzas Armadas.<\/p>\n<\/div>\n<\/div>\n<p><!-- PESAJE Y HORARIOS --><\/p>\n<div style=\"display: flex; flex-wrap: wrap; gap: 20px; margin-top: 20px;\">\n<div style=\"flex: 1; min-width: 300px;\">\n<p style=\"font-weight: bold; color: #27ae60; text-transform: uppercase; border-bottom: 1px solid #ddd; padding-bottom: 5px;\">11. PESOS Y GRADO<\/p>\n<ul style=\"font-size: 0.95em; line-height: 1.6; padding-left: 20px;\">\n<li><strong>Categor\u00edas de Pesos Femeninos:<\/strong> -57 kg, -70 kg, +70 kg.<\/li>\n<li><strong>Categor\u00edas de Pesos Masculinos:<\/strong> -73 kg, -90 kg, +90 kg.<\/li>\n<li><strong>Grado M\u00ednimo:<\/strong> Cintur\u00f3n Marr\u00f3n.<\/li>\n<\/ul>\n<p style=\"font-weight: bold; color: #27ae60; text-transform: uppercase; border-bottom: 1px solid #ddd; padding-bottom: 5px;\">10 Y 13. ACREDITACI\u00d3N Y JUDOGI<\/p>\n<ul style=\"font-size: 0.95em; line-height: 1.6; padding-left: 20px;\">\n<li><strong>Acreditaci\u00f3n:<\/strong> Seg\u00fan programa.<\/li>\n<li><strong>Judogi:<\/strong> Blanco y Azul son obligatorios.<\/li>\n<\/ul>\n<\/div>\n<div style=\"flex: 1; min-width: 300px;\">\n<p style=\"font-weight: bold; color: #27ae60; text-transform: uppercase; border-bottom: 1px solid #ddd; padding-bottom: 5px;\">12. PESAJE Y CONTROL DE DOCUMENTACI\u00d3N<\/p>\n<ul style=\"font-size: 0.95em; line-height: 1.6; padding-left: 20px; margin-bottom: 10px;\">\n<li><strong>Control documentaci\u00f3n:<\/strong> 11:00 \u2013 11:30 h.<\/li>\n<li><strong>Pesaje No Oficial:<\/strong> 11:00 \u2013 11:30 h.<\/li>\n<li><strong>Pesaje Oficial:<\/strong> 11:30 \u2013 12:00 h.<\/li>\n<li>Se establece 2 kg de margen.<\/li>\n<li><strong>Lugar del pesaje:<\/strong> A confirmar.<\/li>\n<\/ul>\n<p style=\"font-weight: bold; color: #27ae60; font-size: 1.05em; background-color: #f9f9f9; padding: 10px; border-radius: 4px; text-align: center;\">\ud83d\udd52 16:00 horas: Inicio de la competici\u00f3n.<\/p>\n<\/div>\n<\/div>\n<p><!-- LOG\u00cdSTICA E INSCRIPCIONES --><\/p>\n<h4 style=\"color: #27ae60; border-bottom: 2px solid #27ae60; padding-bottom: 5px; margin-top: 30px; text-transform: uppercase;\">LOG\u00cdSTICA E INSCRIPCIONES<\/h4>\n<div style=\"background-color: #f4f6f7; border: 1px solid #ddd; padding: 20px; border-radius: 5px; margin-top: 15px;\">\n<p style=\"font-weight: bold; color: #27ae60; text-transform: uppercase; margin-top: 0;\">6 Y 7. HOTEL Y CONDICIONES DE ALOJAMIENTO<\/p>\n<p style=\"font-size: 0.95em; line-height: 1.6;\"><strong>Hotel \/ Lugar de Acomodaci\u00f3n:<\/strong> Por confirmar.<\/p>\n<p style=\"font-size: 0.95em; line-height: 1.6;\">La organizaci\u00f3n se har\u00e1 cargo del alojamiento y manutenci\u00f3n de los equipos en las siguientes condiciones: Alojamiento de 8 componentes del equipo + un entrenador + un \u00e1rbitro el s\u00e1bado 17 de octubre (comida y cena del d\u00eda 17 y desayuno del d\u00eda 18).<\/p>\n<p style=\"font-size: 0.95em; line-height: 1.6;\">Aquellos participantes que, por motivos de viaje, necesiten llegar el viernes 16, deber\u00e1n comunicarlo previamente a la organizaci\u00f3n. En funci\u00f3n de la antelaci\u00f3n con la que se realice la solicitud, la organizaci\u00f3n podr\u00e1 hacerse cargo del alojamiento de esa noche, incluida la cena y el desayuno. Una vez superado el n\u00famero de plazas de alojamiento previamente reservadas, la organizaci\u00f3n no podr\u00e1 hacerse cargo de los gastos correspondientes a esa noche adicional.<\/p>\n<p style=\"font-weight: bold; color: #27ae60; text-transform: uppercase; border-top: 1px solid #ccc; padding-top: 15px; margin-top: 15px;\">14. INSCRIPCIONES Y PLAZOS<\/p>\n<p style=\"font-size: 0.95em; line-height: 1.6;\">Las inscripciones se realizar\u00e1n directamente a la FANJYDA a trav\u00e9s del Email: <a style=\"color: #27ae60; font-weight: bold;\" href=\"mailto:administracion@fanjyda.com\">administracion@fanjyda.com<\/a>.<\/p>\n<ul style=\"font-size: 0.95em; line-height: 1.6; padding-left: 20px;\">\n<li><strong>Antes del lunes 21 de septiembre de 2026:<\/strong> Confirmaci\u00f3n de asistencia de equipo.<\/li>\n<li><strong>Antes del lunes 28 de septiembre de 2026:<\/strong> Confirmaci\u00f3n de composici\u00f3n del equipo y alojamiento.<\/li>\n<li>Siempre con el V\u00ba B\u00ba del presidente de su Federaci\u00f3n Auton\u00f3mica o Nacional.<\/li>\n<\/ul>\n<p style=\"font-weight: bold; color: #27ae60; text-transform: uppercase; border-top: 1px solid #ccc; padding-top: 15px; margin-top: 15px;\">15 Y 16. DOCUMENTACI\u00d3N Y SORTEOS<\/p>\n<ul style=\"font-size: 0.95em; line-height: 1.6; padding-left: 20px;\">\n<li>Visto Bueno del Presidente de su Federaci\u00f3n.<\/li>\n<li>Los inscritos deben estar en posesi\u00f3n de Licencia Deportiva en Vigor 2026\/2027.<\/li>\n<li>D.N.I. o pasaporte.<\/li>\n<li>Autorizaci\u00f3n Paterna para los menores de edad.<\/li>\n<li><strong>Sorteos:<\/strong> Previa a la competici\u00f3n se publicar\u00e1n en la web de la FANJYDA <a style=\"color: #27ae60;\" href=\"http:\/\/www.fanjyda.com\">www.fanjyda.com<\/a> los sorteos de la competici\u00f3n.<\/li>\n<\/ul>\n<\/div>\n<p><!-- PREMIOS Y NOTAS --><\/p>\n<div style=\"display: flex; flex-wrap: wrap; gap: 20px; margin-top: 20px;\">\n<div style=\"flex: 1; min-width: 300px; background-color: #fff8e1; border: 1px solid #f1c40f; padding: 20px; border-radius: 5px;\">\n<p style=\"font-weight: bold; color: #b7950b; text-transform: uppercase; margin-top: 0; border-bottom: 1px solid #f9e79f; padding-bottom: 5px;\">\ud83c\udfc6 18. PREMIOS<\/p>\n<p style=\"font-size: 0.95em; font-weight: bold; margin-bottom: 5px;\">Se establecen los siguientes premios:<\/p>\n<ul style=\"font-size: 0.95em; line-height: 1.6; padding-left: 20px;\">\n<li><strong>1\u00ba clasificado:<\/strong> Medallas.<\/li>\n<li><strong>2\u00aa clasificado:<\/strong> Medallas.<\/li>\n<li><strong>3\u00ba clasificado:<\/strong> Medallas.<\/li>\n<li><strong>Trofeo \u201cCarlos Calvo Chozas\u201d:<\/strong> Trofeo en Plata de ley al equipo Campe\u00f3n.<\/li>\n<li><strong>Trofeo \u201cFernando Mogena\u201d:<\/strong> Al mejor judoka t\u00e9cnico de la competici\u00f3n.<\/li>\n<li><strong>Trofeo \u201cMiguel Crespo\u201d:<\/strong> A los valores del deporte, podr\u00e1 ser recibido por un competidor, asociaci\u00f3n en pro de los valores, etc.<\/li>\n<\/ul>\n<\/div>\n<div style=\"flex: 1; min-width: 300px; background-color: #fff5f5; border: 1px solid #c0392b; padding: 20px; border-radius: 5px;\">\n<p style=\"font-weight: bold; color: #c0392b; text-transform: uppercase; margin-top: 0; border-bottom: 1px solid #f2dede; padding-bottom: 5px;\">\u26a0\ufe0f 17. NOTA IMPORTANTE<\/p>\n<p style=\"font-size: 0.9em; line-height: 1.6; text-align: justify;\">La organizaci\u00f3n no se hace responsable de las posibles lesiones, tratamiento en hospital, accidentes y otras causas que pudieran derivarse de la participaci\u00f3n en la competici\u00f3n.<\/p>\n<p style=\"font-size: 0.9em; line-height: 1.6; text-align: justify;\">Todos los participantes, entrenadores o tutores aceptan las normas de esta competici\u00f3n con el env\u00edo de su inscripci\u00f3n. Aquellos deportistas que sufran patolog\u00edas no restrictivas o limitativas para el deporte del judo (asma, diabetes, ansiedad, epilepsia, etc&#8230;) deben notificarlo por escrito a la FANJYDA, para una mejor actuaci\u00f3n de los servicios m\u00e9dicos de la competici\u00f3n. Dicha informaci\u00f3n es confidencial, por lo que solo se pondr\u00e1 en conocimiento del m\u00e9dico de la competici\u00f3n, para que disponga de las ayudas paliativas necesarias en caso de alg\u00fan incidente durante el desarrollo del evento.<\/p>\n<p style=\"font-size: 0.9em; line-height: 1.6; text-align: justify; margin-bottom: 0;\">Para resolver cualquier aspecto o duda no contemplada en esta circular se atender\u00e1 a lo recogido en la Normativa General de la RFEJYDA o en su defecto se resolver\u00e1 a criterio de la Direcci\u00f3n Deportiva.<\/p>\n<\/div>\n<\/div>\n<p style=\"font-weight: bold; margin-top: 40px; color: #27ae60; text-align: center; text-transform: uppercase; font-size: 1.1em;\">Direcci\u00f3n T\u00e9cnica de la FANJYDA<\/p>\n<\/div>","excerpt":"","slug":"53-edicion-memorial-raul-calvo-xxxvi-trofeo-presidente-carlos-calvo-chozas","image":{"url":"https:\/\/www.fanjyda.es\/wp-content\/uploads\/2026\/09\/WhatsApp-Image-2026-08-04-web.jpg","id":9547,"extension":"jpg","width":282,"height":400,"filesize":194400,"sizes":{"medium":{"width":212,"height":300,"mime-type":"image\/jpeg","filesize":45455,"url":"https:\/\/www.fanjyda.es\/wp-content\/uploads\/2026\/09\/WhatsApp-Image-2026-08-04-web-212x300.jpg"},"thumbnail":{"width":150,"height":150,"mime-type":"image\/jpeg","filesize":26507,"url":"https:\/\/www.fanjyda.es\/wp-content\/uploads\/2026\/09\/WhatsApp-Image-2026-08-04-web-150x150.jpg"},"et-pb-post-main-image":{"width":282,"height":250,"mime-type":"image\/jpeg","filesize":54132,"url":"https:\/\/www.fanjyda.es\/wp-content\/uploads\/2026\/09\/WhatsApp-Image-2026-08-04-web-282x250.jpg"},"et-pb-portfolio-image":{"width":282,"height":284,"mime-type":"image\/jpeg","filesize":60005,"url":"https:\/\/www.fanjyda.es\/wp-content\/uploads\/2026\/09\/WhatsApp-Image-2026-08-04-web-282x284.jpg"},"et-pb-portfolio-module-image":{"width":282,"height":382,"mime-type":"image\/jpeg","filesize":73315,"url":"https:\/\/www.fanjyda.es\/wp-content\/uploads\/2026\/09\/WhatsApp-Image-2026-08-04-web-282x382.jpg"}}},"all_day":true,"start_date":"2026-10-17 00:00:00","start_date_details":{"year":"2026","month":"10","day":"17","hour":"00","minutes":"00","seconds":"00"},"end_date":"2026-10-17 23:59:59","end_date_details":{"year":"2026","month":"10","day":"17","hour":"23","minutes":"59","seconds":"59"},"utc_start_date":"2026-10-16 22:00:00","utc_start_date_details":{"year":"2026","month":"10","day":"16","hour":"22","minutes":"00","seconds":"00"},"utc_end_date":"2026-10-17 21:59:59","utc_end_date_details":{"year":"2026","month":"10","day":"17","hour":"21","minutes":"59","seconds":"59"},"timezone":"Europe\/Madrid","timezone_abbr":"CEST","cost":"","cost_details":{"currency_symbol":"\u20ac","currency_code":"USD","currency_position":"prefix","values":[]},"website":"","show_map":true,"show_map_link":true,"hide_from_listings":false,"sticky":false,"featured":false,"categories":[{"name":"Judo","slug":"judo","term_group":0,"term_taxonomy_id":12,"taxonomy":"tribe_events_cat","description":"","parent":0,"count":309,"filter":"raw","id":12,"urls":{"self":"https:\/\/www.fanjyda.es\/index.php?rest_route=\/tribe\/events\/v1\/categories\/12","collection":"https:\/\/www.fanjyda.es\/index.php?rest_route=\/tribe\/events\/v1\/categories"}}],"tags":[],"venue":{"id":4005,"author":"1","status":"publish","date":"2022-10-07 21:56:11","date_utc":"2022-10-07 19:56:11","modified":"2022-10-07 21:56:11","modified_utc":"2022-10-07 19:56:11","url":"https:\/\/www.fanjyda.es\/?tribe_venue=complejo-deportivo-ciudad-de-cadiz","venue":"Complejo Deportivo Ciudad de C\u00e1diz","slug":"complejo-deportivo-ciudad-de-cadiz","address":"Av. Periodista Beatriz Cienfuegos, s\/n,","city":"C\u00e1diz","country":"Espa\u00f1a","province":"Cadiz","state":"CA","zip":"11011","stateprovince":"Cadiz","json_ld":{"@type":"Place","name":"Complejo Deportivo Ciudad de C\u00e1diz","description":"","url":"","address":{"@type":"PostalAddress","streetAddress":"Av. Periodista Beatriz Cienfuegos, s\/n,","addressLocality":"C\u00e1diz","addressRegion":"Cadiz","postalCode":"11011","addressCountry":"Espa\u00f1a"},"telephone":"","sameAs":""},"show_map":true,"show_map_link":true,"global_id":"www.fanjyda.es?id=4005","global_id_lineage":["www.fanjyda.es?id=4005"]},"organizer":[],"custom_fields":[],"json_ld":{"@context":"http:\/\/schema.org","@type":"Event","name":"53 EDICI\u00d3N MEMORIAL \u00abRA\u00daL CALVO\u00bb &#8211; XXXVI TROFEO PRESIDENTE CARLOS CALVO CHOZAS","description":"&lt;p&gt;C\u00e1diz, 2 de septiembre de 2026 53 EDICI\u00d3N MEMORIAL &quot;RA\u00daL CALVO&quot; XXXVI TROFEO PRESIDENTE CARLOS CALVO CHOZAS 17 DE OCTUBRE DE 2026 | C\u00c1DIZ (ESPA\u00d1A) Historia de la Competici\u00f3n Este [&hellip;]&lt;\/p&gt;\\n","image":"https:\/\/www.fanjyda.es\/wp-content\/uploads\/2026\/09\/WhatsApp-Image-2026-08-04-web.jpg","url":"https:\/\/www.fanjyda.es\/?tribe_events=53-edicion-memorial-raul-calvo-xxxvi-trofeo-presidente-carlos-calvo-chozas","eventAttendanceMode":"https:\/\/schema.org\/OfflineEventAttendanceMode","eventStatus":"https:\/\/schema.org\/EventScheduled","startDate":"2026-10-17T00:00:00+02:00","endDate":"2026-10-17T23:59:59+02:00","location":{"@type":"Place","name":"Complejo Deportivo Ciudad de C\u00e1diz","description":"","url":"","address":{"@type":"PostalAddress","streetAddress":"Av. Periodista Beatriz Cienfuegos, s\/n,","addressLocality":"C\u00e1diz","addressRegion":"Cadiz","postalCode":"11011","addressCountry":"Espa\u00f1a"},"telephone":"","sameAs":""},"performer":"Organization"}}