{"id":9540,"date":"2026-09-01T10:12:10","date_gmt":"2026-09-01T08:12:10","guid":{"rendered":"https:\/\/www.fanjyda.es\/?p=9540"},"modified":"2026-09-01T10:12:10","modified_gmt":"2026-09-01T08:12:10","slug":"efan-aviso-importante-documentacion-para-el-curso-y-examen-de-juez-nacional-de-kata","status":"publish","type":"post","link":"https:\/\/www.fanjyda.es\/?p=9540","title":{"rendered":"EFAN: AVISO IMPORTANTE: DOCUMENTACI\u00d3N PARA EL CURSO Y EXAMEN DE JUEZ NACIONAL DE KATA"},"content":{"rendered":"<div style=\"width: 95%; max-width: 900px; margin: 0 auto; padding: 30px; background-color: #ffffff; box-shadow: 0 4px 15px rgba(0, 0, 0, 0.1); font-family: 'Segoe UI', Arial, sans-serif; color: #333; border-top: 5px solid #27ae60; box-sizing: border-box;\">\n<p style=\"font-size: 1.0em; text-align: right; color: #7f8c8d; margin-top: 0;\">C\u00e1diz, 1 de septiembre de 2026<\/p>\n<h3 style=\"color: #c0392b; text-align: center; text-transform: uppercase; font-family: 'Playfair Display', serif; font-size: 1.8em; margin-bottom: 5px;\">\u26a0\ufe0f AVISO IMPORTANTE<\/h3>\n<p style=\"text-align: center; font-weight: bold; text-transform: uppercase; color: #555; margin-top: 0; font-size: 1.1em;\">DOCUMENTACI\u00d3N PARA EL CURSO Y EXAMEN DE JUEZ NACIONAL DE KATA<\/p>\n<p style=\"font-weight: bold; font-size: 1.05em; margin-top: 40px;\">Estimados participantes:<\/p>\n<p style=\"line-height: 1.6; text-align: justify; font-size: 1.05em;\">Con motivo de la celebraci\u00f3n del <strong>Reciclaje y Examen de Juez Nacional de Kata<\/strong>, que tendr\u00e1 lugar el pr\u00f3ximo 13 de septiembre de 2026 en El Bosque (C\u00e1diz), desde la Escuela Federativa Andaluza (EFAN) os informamos de que es recomendable revisar previamente la documentaci\u00f3n indicada a continuaci\u00f3n.<\/p>\n<p><!-- ENLACE AL DOCUMENTO --><\/p>\n<div style=\"background-color: #f9f9f9; border: 1px solid #ddd; border-left: 5px solid #27ae60; padding: 25px; border-radius: 4px; margin: 30px 0; text-align: center;\">\n<p style=\"margin: 0 0 15px 0; font-weight: bold; color: #27ae60; text-transform: uppercase; font-size: 1.1em;\">\ud83d\udc49 Documento para su revisi\u00f3n<\/p>\n<p><a style=\"background-color: #27ae60; color: white; padding: 12px 30px; text-decoration: none; font-weight: bold; border-radius: 5px; display: inline-block; font-size: 1.1em;\" href=\"https:\/\/share.google\/F42M8aLce1ZQmvl17\" target=\"_blank\" rel=\"noopener\">ACCEDER AL DOCUMENTO DE ESTUDIO<\/a><\/p>\n<\/div>\n<p><!-- ADVERTENCIA DE LECTURA --><\/p>\n<div style=\"background-color: #fff5f5; border: 1px solid #c0392b; padding: 20px; border-radius: 5px; margin: 30px 0;\">\n<p style=\"margin: 0; color: #c0392b; font-weight: bold; line-height: 1.6; text-align: center; font-size: 1.05em;\">Se ruega a todos los participantes que lean y revisen detenidamente este documento antes de asistir a la actividad, ya que su contenido ser\u00e1 tenido en cuenta durante el desarrollo del curso preparatorio y\/o examen.<\/p>\n<\/div>\n<p><!-- ENLACE A LA CONVOCATORIA --><\/p>\n<p style=\"line-height: 1.6; text-align: justify; font-size: 1.05em; margin-top: 30px;\">Asimismo, recomendamos consultar nuevamente la convocatoria oficial, donde figuran los horarios, requisitos y dem\u00e1s informaci\u00f3n relativa a la actividad:<\/p>\n<div style=\"text-align: center; margin: 25px 0 40px 0;\"><a style=\"background-color: #f4f6f7; color: #333; border: 2px solid #7f8c8d; padding: 12px 25px; text-decoration: none; font-weight: bold; border-radius: 5px; display: inline-block; font-size: 1.0em;\" href=\"https:\/\/www.fanjyda.es\/?tribe_events=reciclaje-y-examen-juez-nacional-de-kata\" target=\"_blank\" rel=\"noopener\">VER CONVOCATORIA OFICIAL<\/a><\/div>\n<p style=\"line-height: 1.6; text-align: justify; font-size: 1.05em; margin-bottom: 40px;\">Agradecemos vuestra colaboraci\u00f3n y os rogamos que acud\u00e1is a la actividad habiendo revisado previamente esta documentaci\u00f3n.<\/p>\n<p><!-- CIERRE --><\/p>\n<div style=\"border-top: 1px solid #eee; padding-top: 20px;\">\n<p style=\"font-weight: bold; color: #333; margin-bottom: 5px;\">Un cordial saludo,<\/p>\n<p style=\"margin: 0; font-weight: bold; color: #27ae60; text-transform: uppercase;\">Escuela Federativa Andaluza (EFAN)<\/p>\n<p style=\"margin: 5px 0 0 0; color: #555; font-size: 0.95em;\">Federaci\u00f3n Andaluza de Judo y Deportes Asociados<\/p>\n<\/div>\n<\/div>\n","protected":false},"excerpt":{"rendered":"<p>C\u00e1diz, 1 de septiembre de 2026 \u26a0\ufe0f AVISO IMPORTANTE DOCUMENTACI\u00d3N PARA EL CURSO Y EXAMEN DE JUEZ NACIONAL DE KATA Estimados participantes: Con motivo de la celebraci\u00f3n del Reciclaje y [&hellip;]<\/p>\n","protected":false},"author":1,"featured_media":0,"comment_status":"closed","ping_status":"open","sticky":false,"template":"","format":"standard","meta":{"_eb_attr":"","footnotes":""},"categories":[1,3],"tags":[],"class_list":["post-9540","post","type-post","status-publish","format-standard","hentry","category-efan","category-judo"],"_links":{"self":[{"href":"https:\/\/www.fanjyda.es\/index.php?rest_route=\/wp\/v2\/posts\/9540","targetHints":{"allow":["GET"]}}],"collection":[{"href":"https:\/\/www.fanjyda.es\/index.php?rest_route=\/wp\/v2\/posts"}],"about":[{"href":"https:\/\/www.fanjyda.es\/index.php?rest_route=\/wp\/v2\/types\/post"}],"author":[{"embeddable":true,"href":"https:\/\/www.fanjyda.es\/index.php?rest_route=\/wp\/v2\/users\/1"}],"replies":[{"embeddable":true,"href":"https:\/\/www.fanjyda.es\/index.php?rest_route=%2Fwp%2Fv2%2Fcomments&post=9540"}],"version-history":[{"count":1,"href":"https:\/\/www.fanjyda.es\/index.php?rest_route=\/wp\/v2\/posts\/9540\/revisions"}],"predecessor-version":[{"id":9541,"href":"https:\/\/www.fanjyda.es\/index.php?rest_route=\/wp\/v2\/posts\/9540\/revisions\/9541"}],"wp:attachment":[{"href":"https:\/\/www.fanjyda.es\/index.php?rest_route=%2Fwp%2Fv2%2Fmedia&parent=9540"}],"wp:term":[{"taxonomy":"category","embeddable":true,"href":"https:\/\/www.fanjyda.es\/index.php?rest_route=%2Fwp%2Fv2%2Fcategories&post=9540"},{"taxonomy":"post_tag","embeddable":true,"href":"https:\/\/www.fanjyda.es\/index.php?rest_route=%2Fwp%2Fv2%2Ftags&post=9540"}],"curies":[{"name":"wp","href":"https:\/\/api.w.org\/{rel}","templated":true}]}}