{"id":9542,"date":"2026-09-01T10:24:17","date_gmt":"2026-09-01T08:24:17","guid":{"rendered":"https:\/\/www.fanjyda.es\/?p=9542"},"modified":"2026-09-01T10:24:17","modified_gmt":"2026-09-01T08:24:17","slug":"efan-recordatorio-oficial-reciclaje-de-profesores-y-tribunales-de-la-efan","status":"publish","type":"post","link":"https:\/\/www.fanjyda.es\/?p=9542","title":{"rendered":"EFAN: RECORDATORIO OFICIAL &#8211; RECICLAJE DE PROFESORES Y TRIBUNALES DE LA EFAN"},"content":{"rendered":"<div style=\"width: 95%; max-width: 900px; margin: 0 auto; padding: 30px; background-color: #ffffff; box-shadow: 0 4px 15px rgba(0, 0, 0, 0.1); font-family: 'Segoe UI', Arial, sans-serif; color: #333; border-top: 5px solid #27ae60; box-sizing: border-box;\">\n<p style=\"font-size: 1.0em; text-align: right; color: #7f8c8d; margin-top: 0;\">C\u00e1diz, 1 de septiembre de 2026<\/p>\n<h3 style=\"color: #27ae60; text-align: center; text-transform: uppercase; font-family: 'Playfair Display', serif; font-size: 1.8em; margin-bottom: 5px;\">\ud83d\udce2 RECORDATORIO OFICIAL<\/h3>\n<p style=\"text-align: center; font-weight: bold; text-transform: uppercase; color: #555; margin-top: 0; font-size: 1.1em;\">RECICLAJE DE PROFESORES Y TRIBUNALES DE LA EFAN<\/p>\n<p style=\"font-weight: bold; font-size: 1.05em; margin-top: 40px;\">Estimados compa\u00f1eros\/as:<\/p>\n<p style=\"line-height: 1.6; text-align: justify; font-size: 1.05em;\">Os recordamos que el pr\u00f3ximo <strong>s\u00e1bado 12 de septiembre de 2026<\/strong> tendr\u00e1 lugar en El Bosque (C\u00e1diz) el Reciclaje de Profesores y Tribunales de la EFAN.<\/p>\n<p><!-- DATOS DE LUGAR Y HORARIO --><\/p>\n<div style=\"background-color: #f9f9f9; border: 1px solid #ddd; border-left: 5px solid #27ae60; padding: 20px; border-radius: 4px; margin: 25px 0;\">\n<p style=\"margin: 0 0 15px 0; font-size: 1.1em;\">\ud83d\udccd <strong>Lugar:<\/strong> Pabell\u00f3n Manuel Padilla Tard\u00edo \u2013 El Bosque (C\u00e1diz)<\/p>\n<p style=\"margin: 0 0 10px 0; font-weight: bold; color: #27ae60; text-transform: uppercase; font-size: 1.05em;\">\ud83d\udd52 HORARIOS<\/p>\n<ul style=\"margin: 0; padding-left: 20px; font-size: 1.05em; line-height: 1.8;\">\n<li><strong>11:00\u201314:00 h:<\/strong> <em>Katame no Kata<\/em><\/li>\n<li><strong>16:00\u201319:00 h:<\/strong> <em>Kime no Kata<\/em><\/li>\n<\/ul>\n<\/div>\n<p><!-- AVISOS IMPORTANTES Y REQUISITOS --><\/p>\n<div style=\"background-color: #fff5f5; border: 1px solid #c0392b; padding: 20px; border-radius: 5px; margin: 30px 0;\">\n<p style=\"margin: 0 0 15px 0; color: #c0392b; font-weight: bold; font-size: 1.1em; text-transform: uppercase; border-bottom: 1px solid #f2dede; padding-bottom: 10px;\">\ud83e\udd4b IMPORTANTE<\/p>\n<p style=\"margin: 0 0 15px 0; font-size: 1.05em; line-height: 1.6;\">Todos los participantes deber\u00e1n asistir con <strong>judogi blanco<\/strong> y disponer de <strong>licencia federativa 2026\/27<\/strong> en vigor.<\/p>\n<p style=\"margin: 0; font-size: 1.05em; line-height: 1.6; color: #c0392b; font-weight: 500;\">\u26a0\ufe0f Se recuerda especialmente que, para poder formar parte de los Tribunales de Examen o participar como miembro de los Cursos y Ex\u00e1menes por Evaluaci\u00f3n Continua durante la temporada 2026\/27, <strong>es obligatorio estar reciclado<\/strong>, por lo que resulta necesaria la asistencia a estos cursos.<\/p>\n<\/div>\n<p><!-- INSCRIPCIONES --><\/p>\n<div style=\"text-align: center; margin: 35px 0;\">\n<p style=\"font-size: 1.1em; font-weight: bold; color: #333; margin-bottom: 20px;\">\ud83d\udcc5 Fecha l\u00edmite de inscripci\u00f3n: <span style=\"color: #c0392b;\">7 de septiembre de 2026<\/span>.<\/p>\n<p style=\"font-size: 1.0em; color: #555; margin-bottom: 15px;\">Toda la informaci\u00f3n, modalidades de participaci\u00f3n, cuotas e inscripci\u00f3n est\u00e1 disponible en la convocatoria oficial:<\/p>\n<p><a style=\"background-color: #27ae60; color: white; padding: 12px 30px; text-decoration: none; font-weight: bold; border-radius: 5px; display: inline-block; font-size: 1.1em; margin-bottom: 10px;\" href=\"https:\/\/www.fanjyda.es\/?tribe_events=9514\" target=\"_blank\" rel=\"noopener\">IR A LA CONVOCATORIA OFICIAL<\/a><\/p>\n<\/div>\n<p><!-- CIERRE --><\/p>\n<div style=\"border-top: 1px solid #eee; padding-top: 20px; margin-top: 30px;\">\n<p style=\"font-weight: bold; color: #333; margin-bottom: 5px;\">Un cordial saludo,<\/p>\n<p style=\"margin: 0; font-weight: bold; color: #27ae60; text-transform: uppercase;\">Escuela Federativa Andaluza (EFAN)<\/p>\n<p style=\"margin: 5px 0 0 0; color: #555; font-size: 0.95em;\">Federaci\u00f3n Andaluza de Judo y Deportes Asociados<\/p>\n<\/div>\n<\/div>\n","protected":false},"excerpt":{"rendered":"<p>C\u00e1diz, 1 de septiembre de 2026 \ud83d\udce2 RECORDATORIO OFICIAL RECICLAJE DE PROFESORES Y TRIBUNALES DE LA EFAN Estimados compa\u00f1eros\/as: Os recordamos que el pr\u00f3ximo s\u00e1bado 12 de septiembre de 2026 [&hellip;]<\/p>\n","protected":false},"author":1,"featured_media":0,"comment_status":"closed","ping_status":"open","sticky":false,"template":"","format":"standard","meta":{"_eb_attr":"","footnotes":""},"categories":[1,3],"tags":[],"class_list":["post-9542","post","type-post","status-publish","format-standard","hentry","category-efan","category-judo"],"_links":{"self":[{"href":"https:\/\/www.fanjyda.es\/index.php?rest_route=\/wp\/v2\/posts\/9542","targetHints":{"allow":["GET"]}}],"collection":[{"href":"https:\/\/www.fanjyda.es\/index.php?rest_route=\/wp\/v2\/posts"}],"about":[{"href":"https:\/\/www.fanjyda.es\/index.php?rest_route=\/wp\/v2\/types\/post"}],"author":[{"embeddable":true,"href":"https:\/\/www.fanjyda.es\/index.php?rest_route=\/wp\/v2\/users\/1"}],"replies":[{"embeddable":true,"href":"https:\/\/www.fanjyda.es\/index.php?rest_route=%2Fwp%2Fv2%2Fcomments&post=9542"}],"version-history":[{"count":1,"href":"https:\/\/www.fanjyda.es\/index.php?rest_route=\/wp\/v2\/posts\/9542\/revisions"}],"predecessor-version":[{"id":9543,"href":"https:\/\/www.fanjyda.es\/index.php?rest_route=\/wp\/v2\/posts\/9542\/revisions\/9543"}],"wp:attachment":[{"href":"https:\/\/www.fanjyda.es\/index.php?rest_route=%2Fwp%2Fv2%2Fmedia&parent=9542"}],"wp:term":[{"taxonomy":"category","embeddable":true,"href":"https:\/\/www.fanjyda.es\/index.php?rest_route=%2Fwp%2Fv2%2Fcategories&post=9542"},{"taxonomy":"post_tag","embeddable":true,"href":"https:\/\/www.fanjyda.es\/index.php?rest_route=%2Fwp%2Fv2%2Ftags&post=9542"}],"curies":[{"name":"wp","href":"https:\/\/api.w.org\/{rel}","templated":true}]}}